{"id":242193,"date":"2026-01-22T20:46:13","date_gmt":"2026-01-23T03:46:13","guid":{"rendered":"https:\/\/rnoticias.com.mx\/Portal\/?p=242193"},"modified":"2026-01-22T20:46:13","modified_gmt":"2026-01-23T03:46:13","slug":"tec-establece-alianza-de-colaboracion-con-embajada-del-japon-para-llevar-a-la-innovacion-y-el-emprendimiento-al-siguiente-nivel","status":"publish","type":"post","link":"https:\/\/rnoticias.com.mx\/Portal\/2026\/01\/22\/tec-establece-alianza-de-colaboracion-con-embajada-del-japon-para-llevar-a-la-innovacion-y-el-emprendimiento-al-siguiente-nivel\/","title":{"rendered":"Tec establece alianza de colaboraci\u00f3n con Embajada del Jap\u00f3n para llevar a la innovaci\u00f3n y el emprendimiento al siguiente nivel"},"content":{"rendered":"<div><span style=\"color: #222222; font-family: Arial; font-size: small;\"><b><i>Ciudad de M\u00e9xico, M\u00e9xico, a 22 de enero de 2026.- <\/i><\/b><span style=\"color: black;\">El Tecnol\u00f3gico de Monterrey y la Embajada del Jap\u00f3n en M\u00e9xico establecieron una alianza marco de colaboraci\u00f3n para fortalecer el emprendimiento, la innovaci\u00f3n, la atracci\u00f3n de inversiones y el intercambio comercial entre ambas naciones.<\/span><\/span><\/div>\n<div><\/div>\n<div><span style=\"font-family: Arial; font-size: small;\">Esta alianza es un punto de partida que consolida a Jap\u00f3n como pa\u00eds invitado en\u00a0<a href=\"https:\/\/cloud.comunicaciones.incmty.com\/festival\" target=\"_blank\" rel=\"noopener\" data-saferedirecturl=\"https:\/\/www.google.com\/url?q=https:\/\/cloud.comunicaciones.incmty.com\/festival&amp;source=gmail&amp;ust=1769225812018000&amp;usg=AOvVaw23Rp7ZpqzaJ5vX6vpkH9er\"><span style=\"color: blue;\"><b><u>incMTY 2026<\/u><\/b><\/span><\/a>, el festival de innovaci\u00f3n y emprendimiento m\u00e1s relevante de Am\u00e9rica Latina, a realizarse del 17 al 20 de marzo de 2026 en el Tecnol\u00f3gico de Monterrey, Campus Monterrey y en la Universidad Aut\u00f3noma de Nuevo Le\u00f3n (UANL).<\/span><\/div>\n<div><span style=\"color: #333333;\">\u00a0<\/span><\/div>\n<div><span style=\"font-family: Arial; font-size: small;\">A trav\u00e9s de una Mesa redonda privada, que cont\u00f3 con la participaci\u00f3n\u00a0<span style=\"color: #333333;\">del\u00a0<\/span><span style=\"color: #333333;\"><b>Excmo. Sr. Kozo HONSEI<\/b><\/span><span style=\"color: #333333;\">, Embajador del Jap\u00f3n en M\u00e9xico, el\u00a0<\/span><span style=\"color: #333333;\"><b>Sr. Takaaki Kuga<\/b><\/span><span style=\"color: #333333;\">, presidente de la C\u00e1mara Japonesa de Comercio e Industria de M\u00e9xico (CJCIM) y presidente de Toyota Motor de M\u00e9xico,<\/span>\u00a0as\u00ed como el\u00a0<b>Sr. Satoshi Takehara<\/b>, vicepresidente de la CJCIM y presidente de Mitsubishi de M\u00e9xico, se reafirm\u00f3 la importancia de Jap\u00f3n y M\u00e9xico como socios estrat\u00e9gicos globales en un contexto mundial que exige econom\u00edas m\u00e1s resilientes, cadenas de suministro m\u00e1s integradas y un enfoque renovado en innovaci\u00f3n, talento y sostenibilidad.<\/span><\/div>\n<div><\/div>\n<div><span style=\"font-family: Arial; font-size: small;\"><b>Ulrick Noel,\u00a0<\/b>director general del Instituto de Emprendimiento Eugenio Garza Lag\u00fcera (IEEGL) del Tecnol\u00f3gico de Monterrey, coment\u00f3 durante sus palabras de bienvenida que: \u201c<i>con Jap\u00f3n como pa\u00eds invitado en incMTY 2026, iniciamos un nuevo cap\u00edtulo en la relaci\u00f3n M\u00e9xico\u2013Jap\u00f3n para conectar empresas, emprendedores, academia e inversionistas alrededor de una agenda compartida de innovaci\u00f3n con impacto<\/i>\u201d; y asegur\u00f3 que \u201ceste anuncio reafirma nuestro compromiso de convertir el festival en una plataforma de colaboraci\u00f3n binacional, donde las capacidades tecnol\u00f3gicas y la visi\u00f3n de largo plazo de Jap\u00f3n se encuentren con el talento, la creatividad y el dinamismo emprendedor de M\u00e9xico para detonar alianzas, proyectos y oportunidades concretas\u201d.<\/span><\/div>\n<div><\/div>\n<div><span style=\"font-family: Arial; font-size: small;\">El Embajador Kozo HONSEI destac\u00f3 que:\u00a0<i>\u201c<\/i><i>En un contexto global de incertidumbre, como la revisi\u00f3n del T-MEC, es fundamental garantizar un entorno que permita a las empresas japonesas desarrollar sus negocios de manera estable. En este momento, con el establecimiento de la nueva sede regional de la CJCIM en Nuevo Le\u00f3n, la participaci\u00f3n de Jap\u00f3n como pa\u00eds invitado en el Festival incMTY 2026 es un elemento clave para fortalecer la colaboraci\u00f3n entre Jap\u00f3n y M\u00e9xico. Confiamos en que la participaci\u00f3n de empresas japonesas en este evento impulsar\u00e1 la innovaci\u00f3n y el desarrollo sostenible en M\u00e9xico. La Embajada del Jap\u00f3n reafirma su compromiso de apoyar este importante encuentro\u201d.<\/i><\/span><\/div>\n<div><\/div>\n<div><span style=\"font-family: Arial; font-size: small;\">Entre los momentos clave del encuentro entre ambas organizaciones, destac\u00f3 el panel \u201cInnovaci\u00f3n y oportunidades de colaboraci\u00f3n para una econom\u00eda m\u00e1s s\u00f3lida: Jap\u00f3n y M\u00e9xico como socios estrat\u00e9gicos\u201d, con la participaci\u00f3n de<span style=\"color: #333333;\">l\u00a0<\/span><span style=\"color: #333333;\"><b>Sr. Chiaki Kobayashi<\/b><\/span><span style=\"color: #333333;\">\u00a0(JICA M\u00e9xico) y el\u00a0<\/span><span style=\"color: #333333;\"><b>Sr. Ryuta Fukasawa<\/b><\/span><span style=\"color: #333333;\">\u00a0(JETRO M\u00e9xico),\u00a0<\/span>quienes compartieron una percepci\u00f3n institucional sobre las prioridades actuales de cooperaci\u00f3n econ\u00f3mica y de innovaci\u00f3n entre ambos pa\u00edses.<\/span><\/div>\n<div><\/div>\n<div><span style=\"font-family: Arial; font-size: small;\">El di\u00e1logo concluy\u00f3 con la intervenci\u00f3n de\u00a0<b>Thomas M. Hogg<\/b>, quien record\u00f3 que el Festival incMTY 2026 contar\u00e1 con m\u00e1s de 200 actividades, entre las que destacan: Founders &amp; Investors Meetups por verticales: IA, Climate, Healthtech y Tech; Innovation Leadership Summit, espacio de di\u00e1logo para l\u00edderes empresariales y de innovaci\u00f3n; Future Now, con contenido centrado en tendencias de futuro y tecnolog\u00eda.<\/span><\/div>\n<div><\/div>\n<div><span style=\"font-family: Arial; font-size: small;\">\u201c<i>La presencia de Jap\u00f3n como pa\u00eds invitado en incMTY 2026 marca un hito en nuestra visi\u00f3n de ecosistemas sin fronteras. Esta alianza estrat\u00e9gica no solo une a dos potencias de ingenio, sino que reafirma que la innovaci\u00f3n abierta y la colaboraci\u00f3n internacional son los motores indispensables para resolver los desaf\u00edos globales del futuro y potenciar el m\u00fasculo tecnol\u00f3gico de ambas naciones<\/i>&#8220;, destac\u00f3\u00a0<b>Thomas M. Hogg, CEO de incMTY.<\/b><\/span><\/div>\n<div><\/div>\n<div><span style=\"font-family: Arial; font-size: small;\">A partir de esta alianza y las actividades realizadas, el Tecnol\u00f3gico de Monterrey e incMTY reafirman su compromiso con la conexi\u00f3n de ecosistemas globales y la construcci\u00f3n de puentes entre Jap\u00f3n y M\u00e9xico a trav\u00e9s de la innovaci\u00f3n y de espacios orientados a soluciones de impacto social.<\/span><\/div>\n","protected":false},"excerpt":{"rendered":"<p>Ciudad de M\u00e9xico, M\u00e9xico, a 22 de enero de 2026.- El Tecnol\u00f3gico de Monterrey y la Embajada del Jap\u00f3n en M\u00e9xico establecieron una alianza marco de colaboraci\u00f3n para fortalecer el emprendimiento, la innovaci\u00f3n, la atracci\u00f3n de inversiones y el intercambio comercial entre ambas naciones. Esta alianza es un punto de partida que consolida a Jap\u00f3n [&hellip;]<\/p>\n","protected":false},"author":2,"featured_media":242194,"comment_status":"closed","ping_status":"closed","sticky":false,"template":"","format":"standard","meta":{"footnotes":""},"categories":[12870,178],"tags":[12865,12869],"class_list":["post-242193","post","type-post","status-publish","format-standard","has-post-thumbnail","hentry","category-destacadas","category-local","tag-destacadas","tag-local"],"jetpack_featured_media_url":"https:\/\/rnoticias.com.mx\/Portal\/wp-content\/uploads\/2026\/01\/29-3-scaled.jpg","amp_enabled":true,"_links":{"self":[{"href":"https:\/\/rnoticias.com.mx\/Portal\/wp-json\/wp\/v2\/posts\/242193","targetHints":{"allow":["GET"]}}],"collection":[{"href":"https:\/\/rnoticias.com.mx\/Portal\/wp-json\/wp\/v2\/posts"}],"about":[{"href":"https:\/\/rnoticias.com.mx\/Portal\/wp-json\/wp\/v2\/types\/post"}],"author":[{"embeddable":true,"href":"https:\/\/rnoticias.com.mx\/Portal\/wp-json\/wp\/v2\/users\/2"}],"replies":[{"embeddable":true,"href":"https:\/\/rnoticias.com.mx\/Portal\/wp-json\/wp\/v2\/comments?post=242193"}],"version-history":[{"count":1,"href":"https:\/\/rnoticias.com.mx\/Portal\/wp-json\/wp\/v2\/posts\/242193\/revisions"}],"predecessor-version":[{"id":242195,"href":"https:\/\/rnoticias.com.mx\/Portal\/wp-json\/wp\/v2\/posts\/242193\/revisions\/242195"}],"wp:featuredmedia":[{"embeddable":true,"href":"https:\/\/rnoticias.com.mx\/Portal\/wp-json\/wp\/v2\/media\/242194"}],"wp:attachment":[{"href":"https:\/\/rnoticias.com.mx\/Portal\/wp-json\/wp\/v2\/media?parent=242193"}],"wp:term":[{"taxonomy":"category","embeddable":true,"href":"https:\/\/rnoticias.com.mx\/Portal\/wp-json\/wp\/v2\/categories?post=242193"},{"taxonomy":"post_tag","embeddable":true,"href":"https:\/\/rnoticias.com.mx\/Portal\/wp-json\/wp\/v2\/tags?post=242193"}],"curies":[{"name":"wp","href":"https:\/\/api.w.org\/{rel}","templated":true}]}}