{"id":242153,"date":"2026-01-22T15:03:28","date_gmt":"2026-01-22T22:03:28","guid":{"rendered":"https:\/\/rnoticias.com.mx\/Portal\/?p=242153"},"modified":"2026-01-22T15:03:28","modified_gmt":"2026-01-22T22:03:28","slug":"invitan-a-la-comunidad-artistica-de-hermosillo-a-participar-en-parque-al-arte-2026","status":"publish","type":"post","link":"https:\/\/rnoticias.com.mx\/Portal\/2026\/01\/22\/invitan-a-la-comunidad-artistica-de-hermosillo-a-participar-en-parque-al-arte-2026\/","title":{"rendered":"Invitan a la comunidad art\u00edstica de Hermosillo a participar en Parque al Arte 2026"},"content":{"rendered":"<p>Hermosillo, Sonora; 22 de enero, 2026.- El Ayuntamiento de Hermosillo, a trav\u00e9s del Instituto Municipal de Cultura y Arte (IMCA) abri\u00f3 la convocatoria de la novena etapa del programa Parque al Arte, para la selecci\u00f3n de propuestas art\u00edsticas y culturales que se ofrecer\u00e1n a la comunidad en parques y plazas del municipio.<\/p>\n<p>Marianna Gonz\u00e1lez Gast\u00e9lum, directora general del IMCA mencion\u00f3 que pueden participar compa\u00f1\u00edas art\u00edsticas, grupos, directores, ejecutantes, instituciones educativas, productores, promotores o bien cualquier ciudadana o ciudadano con inter\u00e9s en crear y difundir expresiones culturales.<\/p>\n<p>En las siguientes categor\u00edas: m\u00fasica, danza, teatro, talleres, cine, murales o interdisciplina, para que sean realizadas en parques y plazas ante p\u00fablico de todas las edades.<\/p>\n<p>\u201cParque al Arte es un programa que durante 8 etapas ha llevado actividades art\u00edsticas y culturales a diversas colonias de Hermosillo, fortaleciendo el tejido social y el encuentro con la comunidad\u201d, coment\u00f3 Marianna Gonz\u00e1lez Gast\u00e9lum.<\/p>\n<p>El programa se financiar\u00e1 con la aportaci\u00f3n voluntaria de los contribuyentes para el Fomento a la Cultura y el Arte, incluido en la Ley de Ingresos y Presupuesto de Ingresos del Municipio de Hermosillo para el ejercicio fiscal de 2026, con el objetivo de promover la participaci\u00f3n ciudadana y la apreciaci\u00f3n art\u00edstica de manera segura en espacios p\u00fablicos.<\/p>\n<p>Las y los interesados en formar parte del programa art\u00edstico de Parque al Arte pueden registrar sus proyectos a trav\u00e9s del correo electr\u00f3nico parqueal&#8230;@gmail.com, con fecha l\u00edmite el 30 de enero de 2026 a las 15:00 horas.<\/p>\n<p>Los folios de los proyectos seleccionados se dar\u00e1n a conocer a trav\u00e9s de las redes sociales del IMCA y las presentaciones se programar\u00e1n en espacios p\u00fablicos de febrero a junio del presente a\u00f1o, como parte de la novena etapa del programa.<\/p>\n","protected":false},"excerpt":{"rendered":"<p>Hermosillo, Sonora; 22 de enero, 2026.- El Ayuntamiento de Hermosillo, a trav\u00e9s del Instituto Municipal de Cultura y Arte (IMCA) abri\u00f3 la convocatoria de la novena etapa del programa Parque al Arte, para la selecci\u00f3n de propuestas art\u00edsticas y culturales que se ofrecer\u00e1n a la comunidad en parques y plazas del municipio. Marianna Gonz\u00e1lez Gast\u00e9lum, [&hellip;]<\/p>\n","protected":false},"author":2,"featured_media":242154,"comment_status":"closed","ping_status":"closed","sticky":false,"template":"","format":"standard","meta":{"footnotes":""},"categories":[12870,178],"tags":[12865,12869],"class_list":["post-242153","post","type-post","status-publish","format-standard","has-post-thumbnail","hentry","category-destacadas","category-local","tag-destacadas","tag-local"],"jetpack_featured_media_url":"https:\/\/rnoticias.com.mx\/Portal\/wp-content\/uploads\/2026\/01\/92-2.jpg","amp_enabled":true,"_links":{"self":[{"href":"https:\/\/rnoticias.com.mx\/Portal\/wp-json\/wp\/v2\/posts\/242153","targetHints":{"allow":["GET"]}}],"collection":[{"href":"https:\/\/rnoticias.com.mx\/Portal\/wp-json\/wp\/v2\/posts"}],"about":[{"href":"https:\/\/rnoticias.com.mx\/Portal\/wp-json\/wp\/v2\/types\/post"}],"author":[{"embeddable":true,"href":"https:\/\/rnoticias.com.mx\/Portal\/wp-json\/wp\/v2\/users\/2"}],"replies":[{"embeddable":true,"href":"https:\/\/rnoticias.com.mx\/Portal\/wp-json\/wp\/v2\/comments?post=242153"}],"version-history":[{"count":1,"href":"https:\/\/rnoticias.com.mx\/Portal\/wp-json\/wp\/v2\/posts\/242153\/revisions"}],"predecessor-version":[{"id":242155,"href":"https:\/\/rnoticias.com.mx\/Portal\/wp-json\/wp\/v2\/posts\/242153\/revisions\/242155"}],"wp:featuredmedia":[{"embeddable":true,"href":"https:\/\/rnoticias.com.mx\/Portal\/wp-json\/wp\/v2\/media\/242154"}],"wp:attachment":[{"href":"https:\/\/rnoticias.com.mx\/Portal\/wp-json\/wp\/v2\/media?parent=242153"}],"wp:term":[{"taxonomy":"category","embeddable":true,"href":"https:\/\/rnoticias.com.mx\/Portal\/wp-json\/wp\/v2\/categories?post=242153"},{"taxonomy":"post_tag","embeddable":true,"href":"https:\/\/rnoticias.com.mx\/Portal\/wp-json\/wp\/v2\/tags?post=242153"}],"curies":[{"name":"wp","href":"https:\/\/api.w.org\/{rel}","templated":true}]}}