{"id":242150,"date":"2026-01-22T15:02:05","date_gmt":"2026-01-22T22:02:05","guid":{"rendered":"https:\/\/rnoticias.com.mx\/Portal\/?p=242150"},"modified":"2026-01-22T15:02:05","modified_gmt":"2026-01-22T22:02:05","slug":"presentan-libro-el-cubo-de-la-resiliencia-en-el-congreso-de-sonora","status":"publish","type":"post","link":"https:\/\/rnoticias.com.mx\/Portal\/2026\/01\/22\/presentan-libro-el-cubo-de-la-resiliencia-en-el-congreso-de-sonora\/","title":{"rendered":"Presentan libro \u201cEl Cubo de la Resiliencia\u201d en el Congreso de Sonora"},"content":{"rendered":"<p>Hermosillo, Sonora; 22 de enero de 2026.- En reuni\u00f3n de trabajo de la Comisi\u00f3n de Desarrollo Urbano del Congreso del Estado, se llev\u00f3 a cabo la presentaci\u00f3n del libro \u201cEl Cubo de la Resiliencia\u201d, del autor Jes\u00fas Guillermo Moreno R\u00edos.<\/p>\n<p>El diputado Emeterio Ochoa Baz\u00faa (PRI), presidente del \u00f3rgano colegiado, dio la bienvenida a las y los asistentes, adem\u00e1s de compartir una semblanza de la trayectoria del autor, la cual ha sido reconocida a nivel nacional e internacional.<\/p>\n<p>Destac\u00f3 que la obra representa una s\u00edntesis de la experiencia profesional y personal del autor, y plantea que toda decisi\u00f3n relevante debe analizarse de manera integral, desde distintas dimensiones y disciplinas. A\u00f1adi\u00f3 que el libro dialoga directamente con la vida cotidiana de las ciudades y con la responsabilidad hist\u00f3rica de quienes legislan.<\/p>\n<p>Por su parte, Guillermo Moreno explic\u00f3 que, a trav\u00e9s de vivencias personales y profesionales, naci\u00f3 el m\u00e9todo del \u201ccubo\u201d, en el que la resiliencia surge al convertir los errores en aprendizajes mediante el uso de la ingenier\u00eda, la fe y el liderazgo como herramientas para servir, construir y trascender. Se\u00f1al\u00f3 que el desarrollo urbano es sin\u00f3nimo de calidad de vida e hizo una invitaci\u00f3n a las y los diputados a impulsar la cultura de la resiliencia para planificar riesgos y consolidar una visi\u00f3n de Estado.<\/p>\n<p>Asimismo, indic\u00f3 que el cubo de Rubik se convierte en una met\u00e1fora de la vida: un sistema complejo donde cada movimiento impacta en el conjunto. Resolverlo, dijo, requiere paciencia, estrategia y equilibrio, ense\u00f1ando que el verdadero orden no es la perfecci\u00f3n, sino la armon\u00eda entre emociones, decisiones y consecuencias.<\/p>\n<p>Antes de concluir su exposici\u00f3n, comparti\u00f3 una serie de propuestas en materia de resiliencia, a fin de que fueran analizadas en las comisiones correspondientes del Congreso del Estado.<\/p>\n<p>Los diputados Ra\u00fal Gonz\u00e1lez de la Vega (PVEM) y Omar del Valle Colosio (PVEM), integrantes de la Comisi\u00f3n, as\u00ed como invitados especiales, compartieron comentarios sobre la obra y resaltaron la importancia del desarrollo urbano.<\/p>\n","protected":false},"excerpt":{"rendered":"<p>Hermosillo, Sonora; 22 de enero de 2026.- En reuni\u00f3n de trabajo de la Comisi\u00f3n de Desarrollo Urbano del Congreso del Estado, se llev\u00f3 a cabo la presentaci\u00f3n del libro \u201cEl Cubo de la Resiliencia\u201d, del autor Jes\u00fas Guillermo Moreno R\u00edos. El diputado Emeterio Ochoa Baz\u00faa (PRI), presidente del \u00f3rgano colegiado, dio la bienvenida a las [&hellip;]<\/p>\n","protected":false},"author":2,"featured_media":242151,"comment_status":"closed","ping_status":"closed","sticky":false,"template":"","format":"standard","meta":{"footnotes":""},"categories":[12870,12868],"tags":[12865,12879],"class_list":["post-242150","post","type-post","status-publish","format-standard","has-post-thumbnail","hentry","category-destacadas","category-politica","tag-destacadas","tag-politica"],"jetpack_featured_media_url":"https:\/\/rnoticias.com.mx\/Portal\/wp-content\/uploads\/2026\/01\/453.jpg","amp_enabled":true,"_links":{"self":[{"href":"https:\/\/rnoticias.com.mx\/Portal\/wp-json\/wp\/v2\/posts\/242150","targetHints":{"allow":["GET"]}}],"collection":[{"href":"https:\/\/rnoticias.com.mx\/Portal\/wp-json\/wp\/v2\/posts"}],"about":[{"href":"https:\/\/rnoticias.com.mx\/Portal\/wp-json\/wp\/v2\/types\/post"}],"author":[{"embeddable":true,"href":"https:\/\/rnoticias.com.mx\/Portal\/wp-json\/wp\/v2\/users\/2"}],"replies":[{"embeddable":true,"href":"https:\/\/rnoticias.com.mx\/Portal\/wp-json\/wp\/v2\/comments?post=242150"}],"version-history":[{"count":1,"href":"https:\/\/rnoticias.com.mx\/Portal\/wp-json\/wp\/v2\/posts\/242150\/revisions"}],"predecessor-version":[{"id":242152,"href":"https:\/\/rnoticias.com.mx\/Portal\/wp-json\/wp\/v2\/posts\/242150\/revisions\/242152"}],"wp:featuredmedia":[{"embeddable":true,"href":"https:\/\/rnoticias.com.mx\/Portal\/wp-json\/wp\/v2\/media\/242151"}],"wp:attachment":[{"href":"https:\/\/rnoticias.com.mx\/Portal\/wp-json\/wp\/v2\/media?parent=242150"}],"wp:term":[{"taxonomy":"category","embeddable":true,"href":"https:\/\/rnoticias.com.mx\/Portal\/wp-json\/wp\/v2\/categories?post=242150"},{"taxonomy":"post_tag","embeddable":true,"href":"https:\/\/rnoticias.com.mx\/Portal\/wp-json\/wp\/v2\/tags?post=242150"}],"curies":[{"name":"wp","href":"https:\/\/api.w.org\/{rel}","templated":true}]}}