{"id":242096,"date":"2026-01-22T10:16:37","date_gmt":"2026-01-22T17:16:37","guid":{"rendered":"https:\/\/rnoticias.com.mx\/Portal\/?p=242096"},"modified":"2026-01-22T10:16:37","modified_gmt":"2026-01-22T17:16:37","slug":"aprueba-jge-del-ine-17-cambios-de-adscripcion-de-vocales-ejecutivos-de-juntas-locales","status":"publish","type":"post","link":"https:\/\/rnoticias.com.mx\/Portal\/2026\/01\/22\/aprueba-jge-del-ine-17-cambios-de-adscripcion-de-vocales-ejecutivos-de-juntas-locales\/","title":{"rendered":"Aprueba JGE del INE 17 cambios de adscripci\u00f3n de Vocales Ejecutivos de Juntas Locales"},"content":{"rendered":"<p class=\"x_MsoNormal\"><span data-olk-copy-source=\"MessageBody\">La Junta General Ejecutiva (JGE) del Instituto Nacional Electoral (INE) aprob\u00f3 17 cambios de adscripci\u00f3n de personas titulares de las Vocal\u00edas Ejecutivas en sus Juntas Locales.<\/span><\/p>\n<p class=\"x_MsoNormal\">\n<p class=\"x_MsoNormal\">Se trata de 17 movimientos vinculados con las entidades federativas de Baja California, Campeche, Chiapas, Ciudad de M\u00e9xico, Guanajuato, Guerrero, Jalisco, Estado de M\u00e9xico, Morelos, Nayarit, Puebla, Quer\u00e9taro, Quintana Roo, San Luis Potos\u00ed, Tamaulipas, Tlaxcala y Zacatecas, que entrar\u00e1n en vigor a partir del pr\u00f3ximo 1 de marzo.<\/p>\n<p class=\"x_MsoNormal\">\n<p class=\"x_MsoNormal\">En sesi\u00f3n ordinaria, la Consejera Presidenta del INE, Guadalupe Taddei Zavala sostuvo que \u201centre las responsabilidades superiores que tenemos en esta Junta General Ejecutiva, todos y todas las que la integramos, es la salvaguarda del Servicio Profesional Electoral Nacional\u201d (SPEN).<\/p>\n<p class=\"x_MsoNormal\">\n<p class=\"x_MsoNormal\">Por ello, reconoci\u00f3 el trabajo puntual, t\u00e9cnico y profesional, realizado por la Secretar\u00eda Ejecutiva, la Comisi\u00f3n del Servicio Profesional Electoral Nacional y la Direcci\u00f3n Ejecutiva para hacer el an\u00e1lisis de los movimientos, pues derivado del Programa de Retiro Voluntario se generaron vacantes que abrieron oportunidades a las y los integrantes del SPEN.<\/p>\n<p class=\"x_MsoNormal\">\n<p class=\"x_MsoNormal\">\u201cEsta labor ayuda igualmente a llevar cambios que obedecen al contexto operativo que enfrentar\u00e1 el Instituto durante el Proceso Electoral Concurrente 2026-2027 y tienen como prop\u00f3sito fortalecer la conducci\u00f3n, la capacidad de respuesta y la integraci\u00f3n de las Juntas Locales Ejecutivas, particularmente en un escenario de alta exigencia institucional ante la organizaci\u00f3n e implementaci\u00f3n de dos modelos electorales que se celebrar\u00e1n de forma concurrente, por lo que estos cambios reforzar\u00e1n nuestro esquema, con el fin de seguir desempe\u00f1\u00e1ndonos puntualmente en nuestras actividades bajo el estricto apego a los principios rectores de la funci\u00f3n electoral\u201d, subray\u00f3 Taddei Zavala.<\/p>\n<p class=\"x_MsoNormal\">\n<p class=\"x_MsoNormal\">Asimismo, hizo un reconocimiento a las y los que durante a\u00f1os prestaron sus servicios a esta Instituci\u00f3n responsable de la estabilidad del poder pol\u00edtico en el pa\u00eds y deseo \u00e9xito a quienes se incorporan a la responsabilidad y compromiso para llevar a buen puerto las tareas que se les encomienden.<\/p>\n<p class=\"x_MsoNormal\">\n<p class=\"x_MsoNormal\">La Secretaria Ejecutiva del INE, Claudia Arlett Espino, asever\u00f3 que se trat\u00f3 de cambios necesarios para renovar y, con ello, apoyar \u201ceste gran trabajo que se hace de la organizaci\u00f3n de elecciones desde las entidades federativas\u201d, adem\u00e1s de que hubo otras ratificaciones para que en algunas delegaciones se impulsaran los liderazgos femeninos.<\/p>\n<p class=\"x_MsoNormal\">\n<p class=\"x_MsoNormal\">Las y los Directores Ejecutivos integrantes de la JGE manifestaron por separado que estos cambios buscan asegurar la continuidad administrativa y operativa del INE, fortaleciendo su conducci\u00f3n territorial; reconocieron el manejo estrat\u00e9gico realizado para mantener los liderazgos y los talentos del Instituto en todo el pa\u00eds, y destacaron la implementaci\u00f3n de una pol\u00edtica laboral incluyente, humanista, donde las y los trabajadores son considerados un eje principal.<\/p>\n<p class=\"x_MsoNormal\">\n<p class=\"x_MsoNormal\">Los cambios de adscripci\u00f3n por necesidades del SPEN aprobador por la JGE son los siguientes:<\/p>\n<p class=\"x_MsoNormal\">\n<p class=\"x_MsoNormal\">\n<table class=\"x_MsoNormalTable\" border=\"0\" width=\"661\" cellspacing=\"0\" cellpadding=\"0\" align=\"left\">\n<thead>\n<tr>\n<td width=\"20%\">\n<p class=\"x_MsoNormal\"><b>Nombre<\/b><b><\/b><\/p>\n<\/td>\n<td width=\"15%\">\n<p class=\"x_MsoNormal\"><b>Movimiento aprobado<\/b><b><\/b><\/p>\n<\/td>\n<td width=\"29%\">\n<p class=\"x_MsoNormal\"><b>Cargo y adscripci\u00f3n actual<\/b><b><\/b><\/p>\n<\/td>\n<td width=\"33%\">\n<p class=\"x_MsoNormal\"><b>Cargo y adscripci\u00f3n aprobada<\/b><b><\/b><\/p>\n<\/td>\n<\/tr>\n<\/thead>\n<tbody>\n<tr>\n<td width=\"20%\">\n<p class=\"x_MsoNormal\">Pablo Sergio Aispuro C\u00e1rdenas<b><\/b><\/p>\n<\/td>\n<td width=\"15%\">\n<p class=\"x_MsoNormal\">Cambio de adscripci\u00f3n v\u00eda permuta<\/p>\n<\/td>\n<td width=\"29%\">\n<p class=\"x_MsoNormal\">Vocal Ejecutivo en la Junta Local Ejecutiva en el estado de San Luis Potos\u00ed<\/p>\n<\/td>\n<td width=\"33%\">\n<p class=\"x_MsoNormal\">Vocal Ejecutivo en la Junta Local Ejecutiva en el estado de Baja California<\/p>\n<\/td>\n<\/tr>\n<tr>\n<td width=\"20%\">\n<p class=\"x_MsoNormal\">Luis Zamora Cobi\u00e1n<b><\/b><\/p>\n<\/td>\n<td width=\"15%\">\n<p class=\"x_MsoNormal\">Cambio de adscripci\u00f3n<\/p>\n<\/td>\n<td width=\"29%\">\n<p class=\"x_MsoNormal\">Vocal Ejecutivo en la Junta Local Ejecutiva en el estado de Jalisco<\/p>\n<\/td>\n<td width=\"33%\">\n<p class=\"x_MsoNormal\">Vocal Ejecutivo en la Junta Local Ejecutiva en el estado de Campeche<\/p>\n<\/td>\n<\/tr>\n<tr>\n<td width=\"20%\">\n<p class=\"x_MsoNormal\">Jaime Ju\u00e1rez Jasso<b><\/b><\/p>\n<\/td>\n<td width=\"15%\">\n<p class=\"x_MsoNormal\">Cambio de adscripci\u00f3n<\/p>\n<\/td>\n<td width=\"29%\">\n<p class=\"x_MsoNormal\">Vocal Ejecutivo en la Junta Local Ejecutiva en el estado de Guanajuato<\/p>\n<\/td>\n<td width=\"33%\">\n<p class=\"x_MsoNormal\">Vocal Ejecutivo en la Junta Local Ejecutiva en el estado de Chiapas<\/p>\n<\/td>\n<\/tr>\n<tr>\n<td width=\"20%\">\n<p class=\"x_MsoNormal\">Donaciano Mu\u00f1oz Loyola<b><\/b><\/p>\n<\/td>\n<td width=\"15%\">\n<p class=\"x_MsoNormal\">Cambio de adscripci\u00f3n<\/p>\n<\/td>\n<td width=\"29%\">\n<p class=\"x_MsoNormal\">Vocal Ejecutivo en la Junta Local Ejecutiva en el estado de Guerrero<\/p>\n<\/td>\n<td width=\"33%\">\n<p class=\"x_MsoNormal\">Vocal Ejecutivo en la Junta Local Ejecutiva en Ciudad de M\u00e9xico<\/p>\n<\/td>\n<\/tr>\n<tr>\n<td width=\"20%\">\n<p class=\"x_MsoNormal\">Mart\u00edn Mart\u00ednez Cortazar<b><\/b><\/p>\n<\/td>\n<td width=\"15%\">\n<p class=\"x_MsoNormal\">Cambio de adscripci\u00f3n<\/p>\n<\/td>\n<td width=\"29%\">\n<p class=\"x_MsoNormal\">Vocal Ejecutivo en la Junta Local Ejecutiva en el estado de Oaxaca<\/p>\n<\/td>\n<td width=\"33%\">\n<p class=\"x_MsoNormal\">Vocal Ejecutivo en la Junta Local Ejecutiva en el Estado de M\u00e9xico<\/p>\n<\/td>\n<\/tr>\n<tr>\n<td width=\"20%\">\n<p class=\"x_MsoNormal\">Ana Lilia P\u00e9rez Mendoza<b><\/b><\/p>\n<\/td>\n<td width=\"15%\">\n<p class=\"x_MsoNormal\">Cambio de adscripci\u00f3n<\/p>\n<\/td>\n<td width=\"29%\">\n<p class=\"x_MsoNormal\">Vocal Ejecutiva en la Junta Local Ejecutiva en el estado de Quer\u00e9taro<\/p>\n<\/td>\n<td width=\"33%\">\n<p class=\"x_MsoNormal\">Vocal Ejecutiva en la Junta Local Ejecutiva en el estado de Guanajuato<\/p>\n<\/td>\n<\/tr>\n<tr>\n<td width=\"20%\">\n<p class=\"x_MsoNormal\">Dagoberto Santos Trigo<b><\/b><\/p>\n<\/td>\n<td width=\"15%\">\n<p class=\"x_MsoNormal\">Cambio de adscripci\u00f3n<\/p>\n<\/td>\n<td width=\"29%\">\n<p class=\"x_MsoNormal\">Vocal Ejecutivo en la Junta Local Ejecutiva en el estado de Morelos<\/p>\n<\/td>\n<td width=\"33%\">\n<p class=\"x_MsoNormal\">Vocal Ejecutivo en la Junta Local Ejecutiva en el estado de Guerrero<\/p>\n<\/td>\n<\/tr>\n<tr>\n<td width=\"20%\">\n<p class=\"x_MsoNormal\">Joaqu\u00edn Rubio S\u00e1nchez<b><\/b><\/p>\n<\/td>\n<td width=\"15%\">\n<p class=\"x_MsoNormal\">Cambio de adscripci\u00f3n<\/p>\n<\/td>\n<td width=\"29%\">\n<p class=\"x_MsoNormal\">Vocal Ejecutivo en la Junta Local Ejecutiva en el Estado de M\u00e9xico<\/p>\n<\/td>\n<td width=\"33%\">\n<p class=\"x_MsoNormal\">Vocal Ejecutivo en la Junta Local Ejecutiva en el estado de Jalisco<\/p>\n<\/td>\n<\/tr>\n<tr>\n<td width=\"20%\">\n<p class=\"x_MsoNormal\">Edgar Humberto Arias Alba<b><\/b><\/p>\n<\/td>\n<td width=\"15%\">\n<p class=\"x_MsoNormal\">Cambio de adscripci\u00f3n<\/p>\n<\/td>\n<td width=\"29%\">\n<p class=\"x_MsoNormal\">Vocal Ejecutivo en la Junta Local Ejecutiva en el estado de Puebla<\/p>\n<\/td>\n<td width=\"33%\">\n<p class=\"x_MsoNormal\">Vocal Ejecutivo en la Junta Local Ejecutiva en el estado de Morelos<\/p>\n<\/td>\n<\/tr>\n<tr>\n<td width=\"20%\">\n<p class=\"x_MsoNormal\">Elizabeth Tapia Qui\u00f1ones<b><\/b><\/p>\n<\/td>\n<td width=\"15%\">\n<p class=\"x_MsoNormal\">Cambio de adscripci\u00f3n<\/p>\n<\/td>\n<td width=\"29%\">\n<p class=\"x_MsoNormal\">Vocal Ejecutiva en la Junta Local Ejecutiva en el estado de Tabasco<\/p>\n<\/td>\n<td width=\"33%\">\n<p class=\"x_MsoNormal\">Vocal Ejecutiva en la Junta Local Ejecutiva en el estado de Nayarit<\/p>\n<\/td>\n<\/tr>\n<tr>\n<td width=\"20%\">\n<p class=\"x_MsoNormal\">Claudia Rodr\u00edguez S\u00e1nchez<b><\/b><\/p>\n<\/td>\n<td width=\"15%\">\n<p class=\"x_MsoNormal\">Cambio de adscripci\u00f3n<\/p>\n<\/td>\n<td width=\"29%\">\n<p class=\"x_MsoNormal\">Vocal Ejecutiva en la Junta Local Ejecutiva en el estado de Chiapas<\/p>\n<\/td>\n<td width=\"33%\">\n<p class=\"x_MsoNormal\">Vocal Ejecutiva en la Junta Local Ejecutiva en el estado de Puebla<\/p>\n<\/td>\n<\/tr>\n<tr>\n<td width=\"20%\">\n<p class=\"x_MsoNormal\">Mar\u00eda Luisa Flores Huerta<b><\/b><\/p>\n<\/td>\n<td width=\"15%\">\n<p class=\"x_MsoNormal\">Cambio de adscripci\u00f3n<\/p>\n<\/td>\n<td width=\"29%\">\n<p class=\"x_MsoNormal\">Vocal Ejecutiva en la Junta Local Ejecutiva en Ciudad de M\u00e9xico<\/p>\n<\/td>\n<td width=\"33%\">\n<p class=\"x_MsoNormal\">Vocal Ejecutiva en la Junta Local Ejecutiva en el estado de Quer\u00e9taro<\/p>\n<\/td>\n<\/tr>\n<tr>\n<td width=\"20%\">\n<p class=\"x_MsoNormal\">Sergio Iv\u00e1n Ru\u00edz Castellot<b><\/b><\/p>\n<\/td>\n<td width=\"15%\">\n<p class=\"x_MsoNormal\">Cambio de adscripci\u00f3n v\u00eda permuta<\/p>\n<\/td>\n<td width=\"29%\">\n<p class=\"x_MsoNormal\">Vocal Ejecutivo en la Junta Local Ejecutiva en el estado de Tamaulipas<\/p>\n<\/td>\n<td width=\"33%\">\n<p class=\"x_MsoNormal\">Vocal Ejecutivo en la Junta Local Ejecutiva en el estado de Quintana Roo<\/p>\n<\/td>\n<\/tr>\n<tr>\n<td width=\"20%\">\n<p class=\"x_MsoNormal\">Liliana D\u00edaz De Le\u00f3n Zapata<b><\/b><\/p>\n<\/td>\n<td width=\"15%\">\n<p class=\"x_MsoNormal\">Cambio de adscripci\u00f3n v\u00eda permuta<\/p>\n<\/td>\n<td width=\"29%\">\n<p class=\"x_MsoNormal\">Vocal Ejecutiva en la Junta Local Ejecutiva en el estado de Baja California<\/p>\n<\/td>\n<td width=\"33%\">\n<p class=\"x_MsoNormal\">Vocal Ejecutiva en la Junta Local Ejecutiva en el estado de San Luis Potos\u00ed<\/p>\n<\/td>\n<\/tr>\n<tr>\n<td width=\"20%\">\n<p class=\"x_MsoNormal\">Sergio Bernal Rojas<b><\/b><\/p>\n<\/td>\n<td width=\"15%\">\n<p class=\"x_MsoNormal\">Cambio de adscripci\u00f3n v\u00eda permuta<\/p>\n<\/td>\n<td width=\"29%\">\n<p class=\"x_MsoNormal\">Vocal Ejecutivo en la Junta Local Ejecutiva en el estado de Quintana Roo<\/p>\n<\/td>\n<td width=\"33%\">\n<p class=\"x_MsoNormal\">Vocal Ejecutivo en la Junta Local Ejecutiva en el estado de Tamaulipas<\/p>\n<\/td>\n<\/tr>\n<tr>\n<td width=\"20%\">\n<p class=\"x_MsoNormal\">Eduardo Manuel Trujillo Trujillo<b><\/b><\/p>\n<\/td>\n<td width=\"15%\">\n<p class=\"x_MsoNormal\">Cambio de adscripci\u00f3n<\/p>\n<\/td>\n<td width=\"29%\">\n<p class=\"x_MsoNormal\">Vocal Ejecutivo en la Junta Local Ejecutiva en el estado de Nayarit<\/p>\n<\/td>\n<td width=\"33%\">\n<p class=\"x_MsoNormal\">Vocal Ejecutivo en la Junta Local Ejecutiva en el estado de Tlaxcala<\/p>\n<\/td>\n<\/tr>\n<tr>\n<td width=\"20%\">\n<p class=\"x_MsoNormal\" align=\"center\">Aracely Fr\u00edas L\u00f3pez<b><\/b><\/p>\n<\/td>\n<td width=\"15%\">\n<p class=\"x_MsoNormal\" align=\"center\">Cambio de adscripci\u00f3n<\/p>\n<\/td>\n<td width=\"29%\">\n<p class=\"x_MsoNormal\" align=\"center\">Vocal Ejecutiva en la Junta Local Ejecutiva en el estado de Durango<\/p>\n<\/td>\n<td width=\"33%\">\n<p class=\"x_MsoNormal\" align=\"center\">Vocal Ejecutiva en la Junta Local Ejecutiva en el estado de Zacatecas<\/p>\n<\/td>\n<\/tr>\n<\/tbody>\n<\/table>\n<p class=\"x_MsoNormal\">\n<p class=\"x_MsoNormal\">\n<p class=\"x_MsoNormal\">\n<p class=\"x_MsoNormal\">\n<p class=\"x_MsoNormal\">\n<p class=\"x_MsoNormal\">\n<p class=\"x_MsoNormal\">\n<p class=\"x_MsoNormal\">\n<p class=\"x_MsoNormal\">\n<p class=\"x_MsoNormal\">\n<p class=\"x_MsoNormal\">\n<p class=\"x_MsoNormal\">\n<p class=\"x_MsoNormal\">\n<p class=\"x_MsoNormal\"><b>\u00a0<\/b><\/p>\n<p class=\"x_MsoNormal\" align=\"center\"><b><span lang=\"PT\">\u00a0<\/span><\/b><\/p>\n<p class=\"x_MsoNormal\" aria-hidden=\"true\">\n<p class=\"x_MsoNormal\" aria-hidden=\"true\">\n<p class=\"x_MsoNormal\" aria-hidden=\"true\">\n<p class=\"x_MsoNormal\" aria-hidden=\"true\">\n<p class=\"x_MsoNormal\" aria-hidden=\"true\">\n<p class=\"x_MsoNormal\" aria-hidden=\"true\">\n<p class=\"x_MsoNormal\" aria-hidden=\"true\">\n<p class=\"x_MsoNormal\" aria-hidden=\"true\">\n<p class=\"x_MsoNormal\" aria-hidden=\"true\">\n<p class=\"x_MsoNormal\" aria-hidden=\"true\">\n<p class=\"x_MsoNormal\" aria-hidden=\"true\">\n<p class=\"x_MsoNormal\" aria-hidden=\"true\">\n<p class=\"x_MsoNormal\" aria-hidden=\"true\">\n<p class=\"x_MsoNormal\" aria-hidden=\"true\">\n<p class=\"x_MsoNormal\" aria-hidden=\"true\">\n<p class=\"x_MsoNormal\" aria-hidden=\"true\">\n<p class=\"x_MsoNormal\" aria-hidden=\"true\">\n<p class=\"x_MsoNormal\" aria-hidden=\"true\">\n<p class=\"x_MsoNormal\" aria-hidden=\"true\">\n<p class=\"x_MsoNormal\" aria-hidden=\"true\">\n<p class=\"x_MsoNormal\" aria-hidden=\"true\">\n<p class=\"x_MsoNormal\" aria-hidden=\"true\">\n<p class=\"x_MsoNormal\" aria-hidden=\"true\">\n<p class=\"x_MsoNormal\" aria-hidden=\"true\">\n<p class=\"x_MsoNormal\" aria-hidden=\"true\">\n<p class=\"x_MsoNormal\" aria-hidden=\"true\">\n<p class=\"x_MsoNormal\" aria-hidden=\"true\">\n<p class=\"x_MsoNormal\" aria-hidden=\"true\">\n<p class=\"x_MsoNormal\" aria-hidden=\"true\">\n<p class=\"x_MsoNormal\" aria-hidden=\"true\">\n<p class=\"x_MsoNormal\" aria-hidden=\"true\">\n<p class=\"x_MsoNormal\" aria-hidden=\"true\">\n<p class=\"x_MsoNormal\" aria-hidden=\"true\">\n<p class=\"x_MsoNormal\" aria-hidden=\"true\">\n<p class=\"x_MsoNormal\" aria-hidden=\"true\">\n<p class=\"x_MsoNormal\" aria-hidden=\"true\">\n<p class=\"x_MsoNormal\" aria-hidden=\"true\">\n<p class=\"x_MsoNormal\" aria-hidden=\"true\">\n<p class=\"x_MsoNormal\" aria-hidden=\"true\">\n<p class=\"x_MsoNormal\" aria-hidden=\"true\">\n<p class=\"x_MsoNormal\" aria-hidden=\"true\">\n<p class=\"x_MsoNormal\"><b>-o0o-<\/b><i><\/i><\/p>\n","protected":false},"excerpt":{"rendered":"<p>La Junta General Ejecutiva (JGE) del Instituto Nacional Electoral (INE) aprob\u00f3 17 cambios de adscripci\u00f3n de personas titulares de las Vocal\u00edas Ejecutivas en sus Juntas Locales. Se trata de 17 movimientos vinculados con las entidades federativas de Baja California, Campeche, Chiapas, Ciudad de M\u00e9xico, Guanajuato, Guerrero, Jalisco, Estado de M\u00e9xico, Morelos, Nayarit, Puebla, Quer\u00e9taro, Quintana [&hellip;]<\/p>\n","protected":false},"author":2,"featured_media":242097,"comment_status":"closed","ping_status":"closed","sticky":false,"template":"","format":"standard","meta":{"footnotes":""},"categories":[12870,12868],"tags":[12865,12879],"class_list":["post-242096","post","type-post","status-publish","format-standard","has-post-thumbnail","hentry","category-destacadas","category-politica","tag-destacadas","tag-politica"],"jetpack_featured_media_url":"https:\/\/rnoticias.com.mx\/Portal\/wp-content\/uploads\/2026\/01\/ine.jpeg","amp_enabled":true,"_links":{"self":[{"href":"https:\/\/rnoticias.com.mx\/Portal\/wp-json\/wp\/v2\/posts\/242096","targetHints":{"allow":["GET"]}}],"collection":[{"href":"https:\/\/rnoticias.com.mx\/Portal\/wp-json\/wp\/v2\/posts"}],"about":[{"href":"https:\/\/rnoticias.com.mx\/Portal\/wp-json\/wp\/v2\/types\/post"}],"author":[{"embeddable":true,"href":"https:\/\/rnoticias.com.mx\/Portal\/wp-json\/wp\/v2\/users\/2"}],"replies":[{"embeddable":true,"href":"https:\/\/rnoticias.com.mx\/Portal\/wp-json\/wp\/v2\/comments?post=242096"}],"version-history":[{"count":1,"href":"https:\/\/rnoticias.com.mx\/Portal\/wp-json\/wp\/v2\/posts\/242096\/revisions"}],"predecessor-version":[{"id":242098,"href":"https:\/\/rnoticias.com.mx\/Portal\/wp-json\/wp\/v2\/posts\/242096\/revisions\/242098"}],"wp:featuredmedia":[{"embeddable":true,"href":"https:\/\/rnoticias.com.mx\/Portal\/wp-json\/wp\/v2\/media\/242097"}],"wp:attachment":[{"href":"https:\/\/rnoticias.com.mx\/Portal\/wp-json\/wp\/v2\/media?parent=242096"}],"wp:term":[{"taxonomy":"category","embeddable":true,"href":"https:\/\/rnoticias.com.mx\/Portal\/wp-json\/wp\/v2\/categories?post=242096"},{"taxonomy":"post_tag","embeddable":true,"href":"https:\/\/rnoticias.com.mx\/Portal\/wp-json\/wp\/v2\/tags?post=242096"}],"curies":[{"name":"wp","href":"https:\/\/api.w.org\/{rel}","templated":true}]}}