{"id":242093,"date":"2026-01-22T10:07:06","date_gmt":"2026-01-22T17:07:06","guid":{"rendered":"https:\/\/rnoticias.com.mx\/Portal\/?p=242093"},"modified":"2026-01-22T10:07:06","modified_gmt":"2026-01-22T17:07:06","slug":"recuerda-ine-a-la-ciudadania-oaxaquena-la-revocacion-de-mandato-del-ejecutivo-estatal-del-proximo-domingo-25","status":"publish","type":"post","link":"https:\/\/rnoticias.com.mx\/Portal\/2026\/01\/22\/recuerda-ine-a-la-ciudadania-oaxaquena-la-revocacion-de-mandato-del-ejecutivo-estatal-del-proximo-domingo-25\/","title":{"rendered":"Recuerda INE a la ciudadan\u00eda oaxaque\u00f1a la Revocaci\u00f3n de Mandato del Ejecutivo Estatal del pr\u00f3ximo domingo 25"},"content":{"rendered":"<p class=\"x_MsoNormal\"><span data-olk-copy-source=\"MessageBody\">El Instituto Nacional Electoral (INE) recuerda a toda la ciudadan\u00eda oaxaque\u00f1a que el pr\u00f3ximo domingo 25 enero tendr\u00e1 la oportunidad de ejercer, por primera vez en el estado, un mecanismo constitucional de participaci\u00f3n ciudadana: el ejercicio de Revocaci\u00f3n de Mandato del titular del Poder Ejecutivo estatal.<\/span><\/p>\n<p class=\"x_MsoNormal\">\n<p class=\"x_MsoNormal\">Este ejercicio democr\u00e1tico, organizado de manera conjunta por el INE y el Instituto Estatal Electoral y de Participaci\u00f3n Ciudadana de Oaxaca (IEEPCO), permite a las y los votantes decidir si una persona en un cargo de elecci\u00f3n popular debe concluir anticipadamente su periodo.<\/p>\n<p class=\"x_MsoNormal\">\n<p class=\"x_MsoNormal\">Esta jornada de Revocaci\u00f3n de Mandato se llevar\u00e1 a cabo en todo el estado, con casillas instaladas y supervisadas por ambas autoridades electorales, para garantizar su certeza, transparencia y legalidad. En la papeleta que se les entregar\u00e1, las y los ciudadanos oaxaque\u00f1os encontrar\u00e1n dos opciones: que el gobernador permanezca o que se le revoque el mandato.<\/p>\n<p class=\"x_MsoNormal\">\n<p class=\"x_MsoNormal\">Para que el resultado tenga efectos vinculantes, ser\u00e1 necesaria la participaci\u00f3n de al menos el 40 % de la Lista Nominal de Electores de Oaxaca, de conformidad con la\u00a0Ley de Revocaci\u00f3n de Mandato estatal, as\u00ed como de diversas disposiciones de la Constituci\u00f3n Pol\u00edtica del Estado en materia de Consulta Popular y Revocaci\u00f3n de Mandato.<\/p>\n<p class=\"x_MsoNormal\">\n<p class=\"x_MsoNormal\">De acuerdo con la Lista Nominal de Electores de Oaxaca, con corte al pasado 31 de diciembre, tres millones 132 mil 592 personas ciudadanas de la entidad<b>\u00a0<\/b>est\u00e1n convocadas a participar el pr\u00f3ximo domingo 25 en este in\u00e9dito ejercicio democr\u00e1tico en una entidad de la Rep\u00fablica Mexicana.<\/p>\n<p class=\"x_MsoNormal\">\n<p class=\"x_MsoNormal\">El INE y el IEEPCO participaron de manera activa en la elaboraci\u00f3n de materiales did\u00e1cticos; ubicaci\u00f3n de casillas electorales; integraci\u00f3n de Mesas las Directivas de Casilla; acreditaci\u00f3n, capacitaci\u00f3n y fiscalizaci\u00f3n de la observaci\u00f3n electoral nacional y extranjera, y la fiscalizaci\u00f3n y monitoreo de espacios que difunden noticias, adem\u00e1s de la propaganda electoral.<\/p>\n<p class=\"x_MsoNormal\">\n<p class=\"x_MsoNormal\">En este sentido, el INE reitera su compromiso de garantizar que la Revocaci\u00f3n de Mandato en la entidad se desarrolle con imparcialidad, seguridad y respeto a la decisi\u00f3n ciudadana.<\/p>\n<p class=\"x_MsoNormal\">\n<p class=\"x_MsoNormal\">Por lo anterior, invita a todas y todos los oaxaque\u00f1os a acudir a las urnas de las casillas, con su Credencial para Votar vigente y emitida por el INE, a fin de que ejerzan su derecho al voto de manera libre, secreta y consciente, en un horario de 8:00 a 18:00 horas.<\/p>\n<p class=\"x_MsoNormal\">\n<p class=\"x_MsoNormal\">Los resultados oficiales los dar\u00e1 a conocer el IEEPCO en la p\u00e1gina\u00a0<a title=\"https:\/\/www.ieepco.org.mx\/\" href=\"https:\/\/www.ieepco.org.mx\/\" target=\"_blank\" rel=\"noopener noreferrer\" data-auth=\"NotApplicable\" data-linkindex=\"0\">https:\/\/www.ieepco.org.mx\/<\/a><\/p>\n","protected":false},"excerpt":{"rendered":"<p>El Instituto Nacional Electoral (INE) recuerda a toda la ciudadan\u00eda oaxaque\u00f1a que el pr\u00f3ximo domingo 25 enero tendr\u00e1 la oportunidad de ejercer, por primera vez en el estado, un mecanismo constitucional de participaci\u00f3n ciudadana: el ejercicio de Revocaci\u00f3n de Mandato del titular del Poder Ejecutivo estatal. Este ejercicio democr\u00e1tico, organizado de manera conjunta por el [&hellip;]<\/p>\n","protected":false},"author":2,"featured_media":242094,"comment_status":"closed","ping_status":"closed","sticky":false,"template":"","format":"standard","meta":{"footnotes":""},"categories":[12870,12868],"tags":[12865,12879],"class_list":["post-242093","post","type-post","status-publish","format-standard","has-post-thumbnail","hentry","category-destacadas","category-politica","tag-destacadas","tag-politica"],"jetpack_featured_media_url":"https:\/\/rnoticias.com.mx\/Portal\/wp-content\/uploads\/2026\/01\/CG_2.jpeg","amp_enabled":true,"_links":{"self":[{"href":"https:\/\/rnoticias.com.mx\/Portal\/wp-json\/wp\/v2\/posts\/242093","targetHints":{"allow":["GET"]}}],"collection":[{"href":"https:\/\/rnoticias.com.mx\/Portal\/wp-json\/wp\/v2\/posts"}],"about":[{"href":"https:\/\/rnoticias.com.mx\/Portal\/wp-json\/wp\/v2\/types\/post"}],"author":[{"embeddable":true,"href":"https:\/\/rnoticias.com.mx\/Portal\/wp-json\/wp\/v2\/users\/2"}],"replies":[{"embeddable":true,"href":"https:\/\/rnoticias.com.mx\/Portal\/wp-json\/wp\/v2\/comments?post=242093"}],"version-history":[{"count":1,"href":"https:\/\/rnoticias.com.mx\/Portal\/wp-json\/wp\/v2\/posts\/242093\/revisions"}],"predecessor-version":[{"id":242095,"href":"https:\/\/rnoticias.com.mx\/Portal\/wp-json\/wp\/v2\/posts\/242093\/revisions\/242095"}],"wp:featuredmedia":[{"embeddable":true,"href":"https:\/\/rnoticias.com.mx\/Portal\/wp-json\/wp\/v2\/media\/242094"}],"wp:attachment":[{"href":"https:\/\/rnoticias.com.mx\/Portal\/wp-json\/wp\/v2\/media?parent=242093"}],"wp:term":[{"taxonomy":"category","embeddable":true,"href":"https:\/\/rnoticias.com.mx\/Portal\/wp-json\/wp\/v2\/categories?post=242093"},{"taxonomy":"post_tag","embeddable":true,"href":"https:\/\/rnoticias.com.mx\/Portal\/wp-json\/wp\/v2\/tags?post=242093"}],"curies":[{"name":"wp","href":"https:\/\/api.w.org\/{rel}","templated":true}]}}