{"id":242090,"date":"2026-01-22T09:54:47","date_gmt":"2026-01-22T16:54:47","guid":{"rendered":"https:\/\/rnoticias.com.mx\/Portal\/?p=242090"},"modified":"2026-01-22T09:54:47","modified_gmt":"2026-01-22T16:54:47","slug":"secretaria-de-bienestar-y-universidad-de-sonora-firman-convenio-para-fortalecer-el-bienestar-en-sonora","status":"publish","type":"post","link":"https:\/\/rnoticias.com.mx\/Portal\/2026\/01\/22\/secretaria-de-bienestar-y-universidad-de-sonora-firman-convenio-para-fortalecer-el-bienestar-en-sonora\/","title":{"rendered":"Secretar\u00eda de Bienestar y Universidad de Sonora firman convenio para fortalecer el bienestar en Sonora"},"content":{"rendered":"<p>Hermosillo, Sonora; 22 de enero de 2026.\u2013 La Secretar\u00eda de Bienestar del Gobierno de Sonora y la Universidad de Sonora firmaron un Convenio de Colaboraci\u00f3n para impulsar proyectos conjuntos de capacitaci\u00f3n, investigaci\u00f3n y vinculaci\u00f3n social, orientados a fortalecer el bienestar de la poblaci\u00f3n sonorense, como parte de la pol\u00edtica social impulsada por el gobernador Alfonso Durazo.<\/p>\n<p>El acuerdo establece las bases para la cooperaci\u00f3n interinstitucional en acciones como la participaci\u00f3n de estudiantes en servicio social y pr\u00e1cticas profesionales, el desarrollo de proyectos de investigaci\u00f3n aplicada, asesor\u00eda y consultor\u00eda, as\u00ed como la implementaci\u00f3n de brigadas de bienestar, culturales y art\u00edsticas. Asimismo, contempla programas de formaci\u00f3n y capacitaci\u00f3n a trav\u00e9s de talleres, diplomados y seminarios.<\/p>\n<p>Durante la firma del convenio, la rectora de la Universidad de Sonora, Dena Mar\u00eda Camarena G\u00f3mez, destac\u00f3 que esta alianza refrenda la vocaci\u00f3n social de la instituci\u00f3n y su compromiso con el desarrollo del estado, al se\u00f1alar la importancia de vincular el conocimiento acad\u00e9mico con las necesidades de las comunidades.<\/p>\n<p>Por su parte, el secretario de Bienestar, Fernando Rojo de la Vega Molina, subray\u00f3 que este convenio permitir\u00e1 aprovechar el talento universitario para fortalecer los programas sociales y mejorar su impacto en la poblaci\u00f3n:<\/p>\n<p>\u201cEste convenio nos permite sumar el conocimiento y la creatividad de la comunidad universitaria para mejorar nuestras acciones, generar informaci\u00f3n \u00fatil para la toma de decisiones y avanzar hacia una mayor autonom\u00eda de las personas, en l\u00ednea con la visi\u00f3n social que impulsa el gobernador Alfonso Durazo\u201d, se\u00f1al\u00f3.<\/p>\n<p>El convenio tambi\u00e9n contempla la realizaci\u00f3n de acciones conjuntas de difusi\u00f3n y sensibilizaci\u00f3n, como la producci\u00f3n de materiales informativos, ferias de servicios y campa\u00f1as de concientizaci\u00f3n, adem\u00e1s de proyectos enfocados en la promoci\u00f3n de la cultura, el patrimonio y la cohesi\u00f3n social en las comunidades.<\/p>\n<p>Con esta alianza, la Secretar\u00eda de Bienestar y la Universidad de Sonora refrendan su compromiso de articular el conocimiento acad\u00e9mico con las pol\u00edticas p\u00fablicas del Gobierno de Sonora, a fin de generar soluciones pr\u00e1cticas que contribuyan al desarrollo social y al bienestar de las y los sonorenses.<\/p>\n","protected":false},"excerpt":{"rendered":"<p>Hermosillo, Sonora; 22 de enero de 2026.\u2013 La Secretar\u00eda de Bienestar del Gobierno de Sonora y la Universidad de Sonora firmaron un Convenio de Colaboraci\u00f3n para impulsar proyectos conjuntos de capacitaci\u00f3n, investigaci\u00f3n y vinculaci\u00f3n social, orientados a fortalecer el bienestar de la poblaci\u00f3n sonorense, como parte de la pol\u00edtica social impulsada por el gobernador Alfonso [&hellip;]<\/p>\n","protected":false},"author":2,"featured_media":242091,"comment_status":"closed","ping_status":"closed","sticky":false,"template":"","format":"standard","meta":{"footnotes":""},"categories":[12870,178],"tags":[12865,12869],"class_list":["post-242090","post","type-post","status-publish","format-standard","has-post-thumbnail","hentry","category-destacadas","category-local","tag-destacadas","tag-local"],"jetpack_featured_media_url":"https:\/\/rnoticias.com.mx\/Portal\/wp-content\/uploads\/2026\/01\/unnamed-1-29.jpg","amp_enabled":true,"_links":{"self":[{"href":"https:\/\/rnoticias.com.mx\/Portal\/wp-json\/wp\/v2\/posts\/242090","targetHints":{"allow":["GET"]}}],"collection":[{"href":"https:\/\/rnoticias.com.mx\/Portal\/wp-json\/wp\/v2\/posts"}],"about":[{"href":"https:\/\/rnoticias.com.mx\/Portal\/wp-json\/wp\/v2\/types\/post"}],"author":[{"embeddable":true,"href":"https:\/\/rnoticias.com.mx\/Portal\/wp-json\/wp\/v2\/users\/2"}],"replies":[{"embeddable":true,"href":"https:\/\/rnoticias.com.mx\/Portal\/wp-json\/wp\/v2\/comments?post=242090"}],"version-history":[{"count":1,"href":"https:\/\/rnoticias.com.mx\/Portal\/wp-json\/wp\/v2\/posts\/242090\/revisions"}],"predecessor-version":[{"id":242092,"href":"https:\/\/rnoticias.com.mx\/Portal\/wp-json\/wp\/v2\/posts\/242090\/revisions\/242092"}],"wp:featuredmedia":[{"embeddable":true,"href":"https:\/\/rnoticias.com.mx\/Portal\/wp-json\/wp\/v2\/media\/242091"}],"wp:attachment":[{"href":"https:\/\/rnoticias.com.mx\/Portal\/wp-json\/wp\/v2\/media?parent=242090"}],"wp:term":[{"taxonomy":"category","embeddable":true,"href":"https:\/\/rnoticias.com.mx\/Portal\/wp-json\/wp\/v2\/categories?post=242090"},{"taxonomy":"post_tag","embeddable":true,"href":"https:\/\/rnoticias.com.mx\/Portal\/wp-json\/wp\/v2\/tags?post=242090"}],"curies":[{"name":"wp","href":"https:\/\/api.w.org\/{rel}","templated":true}]}}