{"id":242005,"date":"2026-01-21T21:12:52","date_gmt":"2026-01-22T04:12:52","guid":{"rendered":"https:\/\/rnoticias.com.mx\/Portal\/?p=242005"},"modified":"2026-01-21T21:12:52","modified_gmt":"2026-01-22T04:12:52","slug":"suprema-corte-atrae-el-caso-de-mario-aburto-por-el-asesinato-de-donaldo-colosio","status":"publish","type":"post","link":"https:\/\/rnoticias.com.mx\/Portal\/2026\/01\/21\/suprema-corte-atrae-el-caso-de-mario-aburto-por-el-asesinato-de-donaldo-colosio\/","title":{"rendered":"Suprema Corte atrae el caso de Mario Aburto por el asesinato de Donaldo Colosio"},"content":{"rendered":"<p>El\u00a0Pleno de la Suprema Corte de Justicia de la Naci\u00f3n\u00a0(SCJN)\u00a0<strong>resolvi\u00f3\u00a0ejercer su facultad de atracci\u00f3n\u00a0del amparo directo promovido por la\u00a0Fiscal\u00eda General\u00a0de la Rep\u00fablica<\/strong>\u00a0(FGR), para resolver si fue correcto el marco legal que se aplic\u00f3 para sentenciar a 45 a\u00f1os de prisi\u00f3n a\u00a0Mario Aburto Mart\u00ednez\u00a0por el magnicidio de\u00a0Luis Donaldo Colosio, en marzo de 1994.<\/p>\n<p>Aburto Mart\u00ednez se\u00a0le aplic\u00f3 la sentencia establecida en el C\u00f3digo Penal Federal (CPF)\u00a0y no la del\u00a0C\u00f3digo Penal de Baja California,<strong>\u00a0donde ocurri\u00f3 el asesinato, y que mandata un m\u00e1ximo de 30 a\u00f1os por el delito de homicidio doloso.\u00a0<\/strong><\/p>\n<p>Durante la sesi\u00f3n de este mi\u00e9rcoles se resolvieron las Solicitudes de Ejercicio de Facultad de Atracci\u00f3n (SEFA)\u00a0929\/2025 y 947\/2025,\u00a0<strong>en la que estuvo impedida para participar la ministra Sara Irene Herrer\u00edas Guerra, por haber sido funcionaria de la FGR.\u00a0<\/strong><\/p>\n<p>Tras resolver que se ejerce la facultad de atracci\u00f3n del amparo\u00a0directo 104\/2021,\u00a0promovido por la\u00a0Fiscal\u00eda General\u00a0de la Rep\u00fablica\u00a0(FGR), la\u00a0Corte debe resolver:\u00a0<strong>\u201c\u00bfcu\u00e1l es el par\u00e1metro para analizar un procedimiento penal sobre magnicidio bajo el sistema penal tradicional a efecto de garantizar los derechos del quejoso (Aburto) y de la v\u00edctima?\u201d.\u00a0<\/strong><\/p>\n<p>Seg\u00fan los integrantes del Pleno de la SCJN, Aburto podr\u00eda quedar en libertad inmediata,\u00a0<strong>al haber cumplido los\u00a030 a\u00f1os de prisi\u00f3n del C\u00f3digo de Baja California, o deber\u00e1 cumplir los 15 que le falta y que reclama la FGR.<\/strong><\/p>\n<p>&nbsp;<\/p>\n<p>Fuente: Excelsior<\/p>\n","protected":false},"excerpt":{"rendered":"<p>El\u00a0Pleno de la Suprema Corte de Justicia de la Naci\u00f3n\u00a0(SCJN)\u00a0resolvi\u00f3\u00a0ejercer su facultad de atracci\u00f3n\u00a0del amparo directo promovido por la\u00a0Fiscal\u00eda General\u00a0de la Rep\u00fablica\u00a0(FGR), para resolver si fue correcto el marco legal que se aplic\u00f3 para sentenciar a 45 a\u00f1os de prisi\u00f3n a\u00a0Mario Aburto Mart\u00ednez\u00a0por el magnicidio de\u00a0Luis Donaldo Colosio, en marzo de 1994. Aburto Mart\u00ednez se\u00a0le [&hellip;]<\/p>\n","protected":false},"author":2,"featured_media":242006,"comment_status":"closed","ping_status":"closed","sticky":false,"template":"","format":"standard","meta":{"footnotes":""},"categories":[12870,172],"tags":[12865,12874],"class_list":["post-242005","post","type-post","status-publish","format-standard","has-post-thumbnail","hentry","category-destacadas","category-nacional","tag-destacadas","tag-nacional"],"jetpack_featured_media_url":"https:\/\/rnoticias.com.mx\/Portal\/wp-content\/uploads\/2026\/01\/322.jpg","amp_enabled":true,"_links":{"self":[{"href":"https:\/\/rnoticias.com.mx\/Portal\/wp-json\/wp\/v2\/posts\/242005","targetHints":{"allow":["GET"]}}],"collection":[{"href":"https:\/\/rnoticias.com.mx\/Portal\/wp-json\/wp\/v2\/posts"}],"about":[{"href":"https:\/\/rnoticias.com.mx\/Portal\/wp-json\/wp\/v2\/types\/post"}],"author":[{"embeddable":true,"href":"https:\/\/rnoticias.com.mx\/Portal\/wp-json\/wp\/v2\/users\/2"}],"replies":[{"embeddable":true,"href":"https:\/\/rnoticias.com.mx\/Portal\/wp-json\/wp\/v2\/comments?post=242005"}],"version-history":[{"count":1,"href":"https:\/\/rnoticias.com.mx\/Portal\/wp-json\/wp\/v2\/posts\/242005\/revisions"}],"predecessor-version":[{"id":242007,"href":"https:\/\/rnoticias.com.mx\/Portal\/wp-json\/wp\/v2\/posts\/242005\/revisions\/242007"}],"wp:featuredmedia":[{"embeddable":true,"href":"https:\/\/rnoticias.com.mx\/Portal\/wp-json\/wp\/v2\/media\/242006"}],"wp:attachment":[{"href":"https:\/\/rnoticias.com.mx\/Portal\/wp-json\/wp\/v2\/media?parent=242005"}],"wp:term":[{"taxonomy":"category","embeddable":true,"href":"https:\/\/rnoticias.com.mx\/Portal\/wp-json\/wp\/v2\/categories?post=242005"},{"taxonomy":"post_tag","embeddable":true,"href":"https:\/\/rnoticias.com.mx\/Portal\/wp-json\/wp\/v2\/tags?post=242005"}],"curies":[{"name":"wp","href":"https:\/\/api.w.org\/{rel}","templated":true}]}}