{"id":241996,"date":"2026-01-21T21:04:00","date_gmt":"2026-01-22T04:04:00","guid":{"rendered":"https:\/\/rnoticias.com.mx\/Portal\/?p=241996"},"modified":"2026-01-21T21:04:00","modified_gmt":"2026-01-22T04:04:00","slug":"detienen-a-7-policias-municipales-en-oaxaca-por-asesinar-a-nino","status":"publish","type":"post","link":"https:\/\/rnoticias.com.mx\/Portal\/2026\/01\/21\/detienen-a-7-policias-municipales-en-oaxaca-por-asesinar-a-nino\/","title":{"rendered":"Detienen a 7 polic\u00edas municipales en Oaxaca por asesinar a ni\u00f1o"},"content":{"rendered":"<p>De acuerdo con la Fiscal\u00eda, el ni\u00f1o perdi\u00f3 la vida a causa de una agresi\u00f3n con disparos de arma de fuego, hechos que son investigados para determinar el grado de responsabilidad de los polic\u00edas involucrados.<\/p>\n<p>Derivado de los primeros resultados de las investigaciones, la dependencia estatal inform\u00f3 que los siete oficiales fueron detenidos y puestos a disposici\u00f3n de la autoridad correspondiente, como parte de las diligencias para esclarecer lo ocurrido y garantizar el acceso a la justicia para las v\u00edctimas.<\/p>\n<p>Las indagatorias se\u00f1alan que los hechos ocurrieron el 18 de enero, cuando el menor se encontraba en las inmediaciones de la cancha de f\u00fatbol del barrio de Guadalupe, en San Miguel Panixtlahuaca. Al lugar arribaron elementos de la Polic\u00eda Municipal y, tras su llegada, la v\u00edctima y las personas que lo acompa\u00f1aban intentaron huir, pero presuntamente fueron perseguidos.<\/p>\n<p>Posteriormente, se escucharon detonaciones de arma de fuego, seg\u00fan testimonios recabados por la autoridad. La ma\u00f1ana del 19 de enero, el cuerpo sin vida del menor fue localizado a las orillas del r\u00edo de la comunidad, a la altura de la colonia Cristo Rey.<\/p>\n<p>La Fiscal\u00eda de Oaxaca inform\u00f3 que un equipo multidisciplinario contin\u00faa realizando labores legales y periciales para esclarecer los hechos y que el delito reciba el castigo correspondiente conforme a la ley.<\/p>\n","protected":false},"excerpt":{"rendered":"<p>De acuerdo con la Fiscal\u00eda, el ni\u00f1o perdi\u00f3 la vida a causa de una agresi\u00f3n con disparos de arma de fuego, hechos que son investigados para determinar el grado de responsabilidad de los polic\u00edas involucrados. Derivado de los primeros resultados de las investigaciones, la dependencia estatal inform\u00f3 que los siete oficiales fueron detenidos y puestos [&hellip;]<\/p>\n","protected":false},"author":2,"featured_media":241997,"comment_status":"closed","ping_status":"closed","sticky":false,"template":"","format":"standard","meta":{"footnotes":""},"categories":[12870,172],"tags":[12865,12874],"class_list":["post-241996","post","type-post","status-publish","format-standard","has-post-thumbnail","hentry","category-destacadas","category-nacional","tag-destacadas","tag-nacional"],"jetpack_featured_media_url":"https:\/\/rnoticias.com.mx\/Portal\/wp-content\/uploads\/2026\/01\/3.jpg","amp_enabled":true,"_links":{"self":[{"href":"https:\/\/rnoticias.com.mx\/Portal\/wp-json\/wp\/v2\/posts\/241996","targetHints":{"allow":["GET"]}}],"collection":[{"href":"https:\/\/rnoticias.com.mx\/Portal\/wp-json\/wp\/v2\/posts"}],"about":[{"href":"https:\/\/rnoticias.com.mx\/Portal\/wp-json\/wp\/v2\/types\/post"}],"author":[{"embeddable":true,"href":"https:\/\/rnoticias.com.mx\/Portal\/wp-json\/wp\/v2\/users\/2"}],"replies":[{"embeddable":true,"href":"https:\/\/rnoticias.com.mx\/Portal\/wp-json\/wp\/v2\/comments?post=241996"}],"version-history":[{"count":1,"href":"https:\/\/rnoticias.com.mx\/Portal\/wp-json\/wp\/v2\/posts\/241996\/revisions"}],"predecessor-version":[{"id":241998,"href":"https:\/\/rnoticias.com.mx\/Portal\/wp-json\/wp\/v2\/posts\/241996\/revisions\/241998"}],"wp:featuredmedia":[{"embeddable":true,"href":"https:\/\/rnoticias.com.mx\/Portal\/wp-json\/wp\/v2\/media\/241997"}],"wp:attachment":[{"href":"https:\/\/rnoticias.com.mx\/Portal\/wp-json\/wp\/v2\/media?parent=241996"}],"wp:term":[{"taxonomy":"category","embeddable":true,"href":"https:\/\/rnoticias.com.mx\/Portal\/wp-json\/wp\/v2\/categories?post=241996"},{"taxonomy":"post_tag","embeddable":true,"href":"https:\/\/rnoticias.com.mx\/Portal\/wp-json\/wp\/v2\/tags?post=241996"}],"curies":[{"name":"wp","href":"https:\/\/api.w.org\/{rel}","templated":true}]}}