{"id":241904,"date":"2026-01-21T08:28:06","date_gmt":"2026-01-21T15:28:06","guid":{"rendered":"https:\/\/rnoticias.com.mx\/Portal\/?p=241904"},"modified":"2026-01-21T08:28:06","modified_gmt":"2026-01-21T15:28:06","slug":"implementara-sspc-sonora-programa-reconecta-con-la-paz-en-nogales-guaymas-y-cajeme","status":"publish","type":"post","link":"https:\/\/rnoticias.com.mx\/Portal\/2026\/01\/21\/implementara-sspc-sonora-programa-reconecta-con-la-paz-en-nogales-guaymas-y-cajeme\/","title":{"rendered":"Implementar\u00e1 SSPC Sonora programa Reconecta con la Paz en Nogales, Guaymas y Cajeme"},"content":{"rendered":"<p>Guaymas, Sonora; 21 de enero de 2026.- Para fortalecer los mecanismos para prevenir la violencia y el delito, la Secretar\u00eda de Seguridad y Protecci\u00f3n Ciudadana (SSPC) Sonora implementar\u00e1 el programa Reconecta con la Paz en Nogales, Guaymas y Cajeme.<\/p>\n<p>Rita Olivia Burgos Villaescusa, coordinadora estatal del Centro de Prevenci\u00f3n del Delito y Participaci\u00f3n Ciudadana inform\u00f3 que, la estrategia integral tiene como prop\u00f3sito espec\u00edfico ofrecer una segunda oportunidad a personas que cometieron un delito no grave, para que\u00a0puedan reescribir su presente y futuro.<\/p>\n<p>Para ello,\u00a0la SSPC Sonora extender\u00e1 el programa Reconecta con la Paz a Nogales, Guaymas y Cajeme, donde trabajar\u00e1 coordinadamente con el apoyo y voluntad de las autoridades municipales.<\/p>\n<p>Reconecta con la Paz dijo, es un programa dirigido a personas de entre 18 y 35 a\u00f1os cumplidos que hayan cometido un delito no grave, ser primo \u2013 delincuente y contar con un defensor p\u00fablico asignado.<\/p>\n<p>Actualmente personal del Centro de Prevenci\u00f3n del Delito lleva a cabo la capacitaci\u00f3n a funcionarios p\u00fablicos de dichos municipios a fin de sensibilizarlos sobre la importancia de este programa que, abona a prevenir que las personas reiteren en conductas fuera de la ley y reestablecer as\u00ed la armon\u00eda al interior de sus familias y comunidades, puntualiz\u00f3.<\/p>\n","protected":false},"excerpt":{"rendered":"<p>Guaymas, Sonora; 21 de enero de 2026.- Para fortalecer los mecanismos para prevenir la violencia y el delito, la Secretar\u00eda de Seguridad y Protecci\u00f3n Ciudadana (SSPC) Sonora implementar\u00e1 el programa Reconecta con la Paz en Nogales, Guaymas y Cajeme. Rita Olivia Burgos Villaescusa, coordinadora estatal del Centro de Prevenci\u00f3n del Delito y Participaci\u00f3n Ciudadana inform\u00f3 [&hellip;]<\/p>\n","protected":false},"author":2,"featured_media":241906,"comment_status":"closed","ping_status":"closed","sticky":false,"template":"","format":"standard","meta":{"footnotes":""},"categories":[12870,174],"tags":[12865,12873],"class_list":["post-241904","post","type-post","status-publish","format-standard","has-post-thumbnail","hentry","category-destacadas","category-estatal","tag-destacadas","tag-estatal"],"jetpack_featured_media_url":"https:\/\/rnoticias.com.mx\/Portal\/wp-content\/uploads\/2026\/01\/unnamed-2-11.jpg","amp_enabled":true,"_links":{"self":[{"href":"https:\/\/rnoticias.com.mx\/Portal\/wp-json\/wp\/v2\/posts\/241904","targetHints":{"allow":["GET"]}}],"collection":[{"href":"https:\/\/rnoticias.com.mx\/Portal\/wp-json\/wp\/v2\/posts"}],"about":[{"href":"https:\/\/rnoticias.com.mx\/Portal\/wp-json\/wp\/v2\/types\/post"}],"author":[{"embeddable":true,"href":"https:\/\/rnoticias.com.mx\/Portal\/wp-json\/wp\/v2\/users\/2"}],"replies":[{"embeddable":true,"href":"https:\/\/rnoticias.com.mx\/Portal\/wp-json\/wp\/v2\/comments?post=241904"}],"version-history":[{"count":1,"href":"https:\/\/rnoticias.com.mx\/Portal\/wp-json\/wp\/v2\/posts\/241904\/revisions"}],"predecessor-version":[{"id":241907,"href":"https:\/\/rnoticias.com.mx\/Portal\/wp-json\/wp\/v2\/posts\/241904\/revisions\/241907"}],"wp:featuredmedia":[{"embeddable":true,"href":"https:\/\/rnoticias.com.mx\/Portal\/wp-json\/wp\/v2\/media\/241906"}],"wp:attachment":[{"href":"https:\/\/rnoticias.com.mx\/Portal\/wp-json\/wp\/v2\/media?parent=241904"}],"wp:term":[{"taxonomy":"category","embeddable":true,"href":"https:\/\/rnoticias.com.mx\/Portal\/wp-json\/wp\/v2\/categories?post=241904"},{"taxonomy":"post_tag","embeddable":true,"href":"https:\/\/rnoticias.com.mx\/Portal\/wp-json\/wp\/v2\/tags?post=241904"}],"curies":[{"name":"wp","href":"https:\/\/api.w.org\/{rel}","templated":true}]}}