{"id":241898,"date":"2026-01-21T08:14:24","date_gmt":"2026-01-21T15:14:24","guid":{"rendered":"https:\/\/rnoticias.com.mx\/Portal\/?p=241898"},"modified":"2026-01-21T08:14:24","modified_gmt":"2026-01-21T15:14:24","slug":"avanza-la-capacitacion-en-centros-laborales-de-sonora-sobre-la-ley-silla","status":"publish","type":"post","link":"https:\/\/rnoticias.com.mx\/Portal\/2026\/01\/21\/avanza-la-capacitacion-en-centros-laborales-de-sonora-sobre-la-ley-silla\/","title":{"rendered":"Avanza la capacitaci\u00f3n en centros laborales de Sonora sobre la Ley Silla"},"content":{"rendered":"<p>Hermosillo, Sonora; 21 de enero de 2026.- Como parte de las acciones para garantizar el cumplimiento de la normativa laboral y promover condiciones de trabajo dignas, la Secretar\u00eda del Trabajo, a trav\u00e9s de la Direcci\u00f3n General de Capacitaci\u00f3n, Certificaci\u00f3n y Vinculaci\u00f3n, ha visitado 51 empresas en distintos municipios de la entidad para capacitar sobre la Ley Silla, cuyas disposiciones finales de esta ley entraron en vigor el 14 de diciembre de 2025.<\/p>\n<p>La Ley de la Silla es una reforma a la Ley Federal del Trabajo que reconoce el derecho de las personas trabajadoras al descanso durante la jornada laboral, donde las y los trabajadores de los sectores de servicios, comercio y centros de trabajo an\u00e1logos deben contar con asientos o sillas con respaldo, para la ejecuci\u00f3n de sus funciones o para el descanso peri\u00f3dico durante la jornada laboral.<\/p>\n<p>En ese sentido, desde julio del a\u00f1o pasado, la Direcci\u00f3n General de Capacitaci\u00f3n, Certificaci\u00f3n y Vinculaci\u00f3n ha visitado centros de trabajo con puestos en bipedestaci\u00f3n, que implican permanecer de pie durante periodos prolongados, con la finalidad de orientar e informar al personal sobre esta ley.<\/p>\n<p>Asimismo, en el marco de las acciones de difusi\u00f3n y capacitaci\u00f3n, se ha logrado capacitar a 313 personas trabajadoras y personal directivo, con el fin de fortalecer el conocimiento y la correcta aplicaci\u00f3n de esta normativa en el trabajo.<\/p>\n<p>El Gobierno de Sonora, a trav\u00e9s de la Secretar\u00eda del Trabajo, da seguimiento al cumplimiento de la Ley Silla, refrendando su compromiso con la dignificaci\u00f3n del trabajo y la salud laboral, as\u00ed como con la promoci\u00f3n de lugares de trabajo seguros y dignos.<\/p>\n","protected":false},"excerpt":{"rendered":"<p>Hermosillo, Sonora; 21 de enero de 2026.- Como parte de las acciones para garantizar el cumplimiento de la normativa laboral y promover condiciones de trabajo dignas, la Secretar\u00eda del Trabajo, a trav\u00e9s de la Direcci\u00f3n General de Capacitaci\u00f3n, Certificaci\u00f3n y Vinculaci\u00f3n, ha visitado 51 empresas en distintos municipios de la entidad para capacitar sobre la [&hellip;]<\/p>\n","protected":false},"author":2,"featured_media":241899,"comment_status":"closed","ping_status":"closed","sticky":false,"template":"","format":"standard","meta":{"footnotes":""},"categories":[12870,178],"tags":[12865,12869],"class_list":["post-241898","post","type-post","status-publish","format-standard","has-post-thumbnail","hentry","category-destacadas","category-local","tag-destacadas","tag-local"],"jetpack_featured_media_url":"https:\/\/rnoticias.com.mx\/Portal\/wp-content\/uploads\/2026\/01\/unnamed-1-25.jpg","amp_enabled":true,"_links":{"self":[{"href":"https:\/\/rnoticias.com.mx\/Portal\/wp-json\/wp\/v2\/posts\/241898","targetHints":{"allow":["GET"]}}],"collection":[{"href":"https:\/\/rnoticias.com.mx\/Portal\/wp-json\/wp\/v2\/posts"}],"about":[{"href":"https:\/\/rnoticias.com.mx\/Portal\/wp-json\/wp\/v2\/types\/post"}],"author":[{"embeddable":true,"href":"https:\/\/rnoticias.com.mx\/Portal\/wp-json\/wp\/v2\/users\/2"}],"replies":[{"embeddable":true,"href":"https:\/\/rnoticias.com.mx\/Portal\/wp-json\/wp\/v2\/comments?post=241898"}],"version-history":[{"count":1,"href":"https:\/\/rnoticias.com.mx\/Portal\/wp-json\/wp\/v2\/posts\/241898\/revisions"}],"predecessor-version":[{"id":241900,"href":"https:\/\/rnoticias.com.mx\/Portal\/wp-json\/wp\/v2\/posts\/241898\/revisions\/241900"}],"wp:featuredmedia":[{"embeddable":true,"href":"https:\/\/rnoticias.com.mx\/Portal\/wp-json\/wp\/v2\/media\/241899"}],"wp:attachment":[{"href":"https:\/\/rnoticias.com.mx\/Portal\/wp-json\/wp\/v2\/media?parent=241898"}],"wp:term":[{"taxonomy":"category","embeddable":true,"href":"https:\/\/rnoticias.com.mx\/Portal\/wp-json\/wp\/v2\/categories?post=241898"},{"taxonomy":"post_tag","embeddable":true,"href":"https:\/\/rnoticias.com.mx\/Portal\/wp-json\/wp\/v2\/tags?post=241898"}],"curies":[{"name":"wp","href":"https:\/\/api.w.org\/{rel}","templated":true}]}}