{"id":241884,"date":"2026-01-20T20:41:12","date_gmt":"2026-01-21T03:41:12","guid":{"rendered":"https:\/\/rnoticias.com.mx\/Portal\/?p=241884"},"modified":"2026-01-20T20:41:12","modified_gmt":"2026-01-21T03:41:12","slug":"se-elevan-a-41-los-muertos-en-el-accidente-de-dos-trenes-en-espana","status":"publish","type":"post","link":"https:\/\/rnoticias.com.mx\/Portal\/2026\/01\/20\/se-elevan-a-41-los-muertos-en-el-accidente-de-dos-trenes-en-espana\/","title":{"rendered":"Se elevan a 41 los muertos en el accidente de dos trenes en Espa\u00f1a"},"content":{"rendered":"<p>El n\u00famero de\u00a0<strong>v\u00edctimas mortales<\/strong>\u00a0en el\u00a0<strong>accidente de dos trenes<\/strong>\u00a0el domingo en el sur de\u00a0<strong>Espa\u00f1a<\/strong>\u00a0se eleva ya a 41, indicaron al medio EFE fuentes de la investigaci\u00f3n.<\/p>\n<p>Esta \u00faltima v\u00edctima mortal fue localizada bajo los restos del\u00a0<strong>tren Iryo<\/strong>, cuyos tres \u00faltimos vagones descarrilaron provocando el siniestro al chocar con la cabecera del tren Alvia, seg\u00fan confirm\u00f3 asimismo el gobierno de la comunidad aut\u00f3noma de Andaluc\u00eda.<\/p>\n<p>Durante toda la noche se han mantenido las tareas de los\u00a0<strong>equipos t\u00e9cnicos y de rescate<\/strong>\u00a0desplazados al\u00a0<strong>accidente ferroviario<\/strong>, centrados en la instalaci\u00f3n de una gran gr\u00faa para levantar los vagones del Alvia siniestrado. Contin\u00faan adem\u00e1s 39\u00a0<strong>heridos<\/strong>\u00a0ingresados en hospitales, de los que 13 -uno de ellos menor de edad- est\u00e1n en la Unidad de Cuidados Intensivos (UCI).<\/p>\n<p>El choque tuvo lugar en Adamuz (<strong>C\u00f3rdoba<\/strong>) y la investigaci\u00f3n apunta a la rotura de un tramo de la v\u00eda, sobre la que todav\u00eda se debe determinar si es la causa o la consecuencia del descarrilamiento.<\/p>\n<p>La\u00a0<strong>Comisi\u00f3n de Investigaci\u00f3n de Accidentes Ferroviarios<\/strong>\u00a0(CIAF) est\u00e1 en fase de recopilaci\u00f3n de datos y las autoridades recalcan que por el momento cualquier hip\u00f3tesis sobre lo sucedido es &#8220;una especulaci\u00f3n&#8221;.<\/p>\n<p>&nbsp;<\/p>\n","protected":false},"excerpt":{"rendered":"<p>El n\u00famero de\u00a0v\u00edctimas mortales\u00a0en el\u00a0accidente de dos trenes\u00a0el domingo en el sur de\u00a0Espa\u00f1a\u00a0se eleva ya a 41, indicaron al medio EFE fuentes de la investigaci\u00f3n. Esta \u00faltima v\u00edctima mortal fue localizada bajo los restos del\u00a0tren Iryo, cuyos tres \u00faltimos vagones descarrilaron provocando el siniestro al chocar con la cabecera del tren Alvia, seg\u00fan confirm\u00f3 asimismo [&hellip;]<\/p>\n","protected":false},"author":2,"featured_media":241885,"comment_status":"closed","ping_status":"closed","sticky":false,"template":"","format":"standard","meta":{"footnotes":""},"categories":[12870,182],"tags":[12865,12871],"class_list":["post-241884","post","type-post","status-publish","format-standard","has-post-thumbnail","hentry","category-destacadas","category-internacional","tag-destacadas","tag-internacional"],"jetpack_featured_media_url":"https:\/\/rnoticias.com.mx\/Portal\/wp-content\/uploads\/2026\/01\/dc6e0671219cefec6d5b678c5f0c954f.webp","amp_enabled":true,"_links":{"self":[{"href":"https:\/\/rnoticias.com.mx\/Portal\/wp-json\/wp\/v2\/posts\/241884","targetHints":{"allow":["GET"]}}],"collection":[{"href":"https:\/\/rnoticias.com.mx\/Portal\/wp-json\/wp\/v2\/posts"}],"about":[{"href":"https:\/\/rnoticias.com.mx\/Portal\/wp-json\/wp\/v2\/types\/post"}],"author":[{"embeddable":true,"href":"https:\/\/rnoticias.com.mx\/Portal\/wp-json\/wp\/v2\/users\/2"}],"replies":[{"embeddable":true,"href":"https:\/\/rnoticias.com.mx\/Portal\/wp-json\/wp\/v2\/comments?post=241884"}],"version-history":[{"count":1,"href":"https:\/\/rnoticias.com.mx\/Portal\/wp-json\/wp\/v2\/posts\/241884\/revisions"}],"predecessor-version":[{"id":241886,"href":"https:\/\/rnoticias.com.mx\/Portal\/wp-json\/wp\/v2\/posts\/241884\/revisions\/241886"}],"wp:featuredmedia":[{"embeddable":true,"href":"https:\/\/rnoticias.com.mx\/Portal\/wp-json\/wp\/v2\/media\/241885"}],"wp:attachment":[{"href":"https:\/\/rnoticias.com.mx\/Portal\/wp-json\/wp\/v2\/media?parent=241884"}],"wp:term":[{"taxonomy":"category","embeddable":true,"href":"https:\/\/rnoticias.com.mx\/Portal\/wp-json\/wp\/v2\/categories?post=241884"},{"taxonomy":"post_tag","embeddable":true,"href":"https:\/\/rnoticias.com.mx\/Portal\/wp-json\/wp\/v2\/tags?post=241884"}],"curies":[{"name":"wp","href":"https:\/\/api.w.org\/{rel}","templated":true}]}}