{"id":241881,"date":"2026-01-20T20:39:42","date_gmt":"2026-01-21T03:39:42","guid":{"rendered":"https:\/\/rnoticias.com.mx\/Portal\/?p=241881"},"modified":"2026-01-20T20:39:42","modified_gmt":"2026-01-21T03:39:42","slug":"noruega-critico-a-maria-corina-por-darle-nobel-a-trump","status":"publish","type":"post","link":"https:\/\/rnoticias.com.mx\/Portal\/2026\/01\/20\/noruega-critico-a-maria-corina-por-darle-nobel-a-trump\/","title":{"rendered":"Noruega critic\u00f3 a Mar\u00eda Corina por darle Nobel a Trump"},"content":{"rendered":"<p dir=\"ltr\">Seg\u00fan comentan, los pol\u00edticos y especialistas noruegos dieron a conocer su rechazo por lo que hizo Mar\u00eda Corina Machado, afirmando que esto fue una acci\u00f3n indignante y toda una falta de respeto.<\/p>\n<p dir=\"ltr\">\u201cEso es completamente inaudito, una falta total de respeto al premio. Algo totalmente carente de sentido y totalmente pat\u00e9tico\u201d, afirm\u00f3 Janne Haaland Matlary, profesora de la Universidad de Oslo y expol\u00edtica.<\/p>\n<p dir=\"ltr\">Raymond Johansen, exalcalde de Oslo y l\u00edder de la ONG Ayuda Popular Noruega, dijo que esto era algo \u201cincre\u00edblemente vergonzoso y perjudicial para uno de los premios m\u00e1s reconocidos e importantes del mundo\u201d.<\/p>\n<p dir=\"ltr\">En su publicaci\u00f3n en Facebook, Johansen advirti\u00f3 que la concesi\u00f3n del premio \u201cest\u00e1 ahora tan politizada y es potencialmente tan peligrosa que podr\u00eda legitimar f\u00e1cilmente una evoluci\u00f3n contraria a la paz\u201d.<\/p>\n<p dir=\"ltr\">\u201cAunque Trump haya recibido la medalla, eso no significa que haya ganado el Premio de la Paz\u201d, declar\u00f3 el l\u00edder del Partido Centrista, Trygve Slagsvold Vedum, quien calific\u00f3 la acci\u00f3n como propia de \u201cel cl\u00e1sico tonto que tiene que apropiarse de las distinciones y el trabajo de otros\u201d.<\/p>\n<p dir=\"ltr\">Kirsti Bergst\u00f8, l\u00edder del Partido de Izquierda Socialista, lo defini\u00f3 como \u201cabsurdo y sin sentido\u201d. Este partido y la formaci\u00f3n Rojo, ambos aliados del Gobierno laborista en minor\u00eda, hab\u00edan criticado previamente la elecci\u00f3n de Machado como laureada.<\/p>\n<p dir=\"ltr\">El portavoz de pol\u00edtica exterior de Rojo, Bj\u00f8rnar Moxnes, subray\u00f3 que la medalla ahora \u201cest\u00e1 colgada en la oficina de Trump\u201d y defendi\u00f3 la necesidad de reformar el Comit\u00e9 Nobel, cuyos miembros son nombrados por el Parlamento noruego cada seis a\u00f1os.<\/p>\n<p dir=\"ltr\">El Comit\u00e9 Nobel Noruego aclar\u00f3 de nueva cuenta, que el Premio Nobel de la Paz no puede compartirse ni transferirse, ya que est\u00e1 inseparablemente ligado a la persona u organizaci\u00f3n galardonada. Sin embargo, precis\u00f3 que la medalla f\u00edsica s\u00ed puede ser regalada, dejando en evidencia la distinci\u00f3n entre el reconocimiento oficial y el objeto simb\u00f3lico.<\/p>\n","protected":false},"excerpt":{"rendered":"<p>Seg\u00fan comentan, los pol\u00edticos y especialistas noruegos dieron a conocer su rechazo por lo que hizo Mar\u00eda Corina Machado, afirmando que esto fue una acci\u00f3n indignante y toda una falta de respeto. \u201cEso es completamente inaudito, una falta total de respeto al premio. Algo totalmente carente de sentido y totalmente pat\u00e9tico\u201d, afirm\u00f3 Janne Haaland Matlary, [&hellip;]<\/p>\n","protected":false},"author":2,"featured_media":241882,"comment_status":"closed","ping_status":"closed","sticky":false,"template":"","format":"standard","meta":{"footnotes":""},"categories":[12870,182],"tags":[12865,12871],"class_list":["post-241881","post","type-post","status-publish","format-standard","has-post-thumbnail","hentry","category-destacadas","category-internacional","tag-destacadas","tag-internacional"],"jetpack_featured_media_url":"https:\/\/rnoticias.com.mx\/Portal\/wp-content\/uploads\/2026\/01\/donald-trump-se-reunio-en-privado-con-maria-corina-machado-en-la-casa-blanca-1200x675-1.webp","amp_enabled":true,"_links":{"self":[{"href":"https:\/\/rnoticias.com.mx\/Portal\/wp-json\/wp\/v2\/posts\/241881","targetHints":{"allow":["GET"]}}],"collection":[{"href":"https:\/\/rnoticias.com.mx\/Portal\/wp-json\/wp\/v2\/posts"}],"about":[{"href":"https:\/\/rnoticias.com.mx\/Portal\/wp-json\/wp\/v2\/types\/post"}],"author":[{"embeddable":true,"href":"https:\/\/rnoticias.com.mx\/Portal\/wp-json\/wp\/v2\/users\/2"}],"replies":[{"embeddable":true,"href":"https:\/\/rnoticias.com.mx\/Portal\/wp-json\/wp\/v2\/comments?post=241881"}],"version-history":[{"count":1,"href":"https:\/\/rnoticias.com.mx\/Portal\/wp-json\/wp\/v2\/posts\/241881\/revisions"}],"predecessor-version":[{"id":241883,"href":"https:\/\/rnoticias.com.mx\/Portal\/wp-json\/wp\/v2\/posts\/241881\/revisions\/241883"}],"wp:featuredmedia":[{"embeddable":true,"href":"https:\/\/rnoticias.com.mx\/Portal\/wp-json\/wp\/v2\/media\/241882"}],"wp:attachment":[{"href":"https:\/\/rnoticias.com.mx\/Portal\/wp-json\/wp\/v2\/media?parent=241881"}],"wp:term":[{"taxonomy":"category","embeddable":true,"href":"https:\/\/rnoticias.com.mx\/Portal\/wp-json\/wp\/v2\/categories?post=241881"},{"taxonomy":"post_tag","embeddable":true,"href":"https:\/\/rnoticias.com.mx\/Portal\/wp-json\/wp\/v2\/tags?post=241881"}],"curies":[{"name":"wp","href":"https:\/\/api.w.org\/{rel}","templated":true}]}}