{"id":241872,"date":"2026-01-20T20:36:58","date_gmt":"2026-01-21T03:36:58","guid":{"rendered":"https:\/\/rnoticias.com.mx\/Portal\/?p=241872"},"modified":"2026-01-20T20:36:58","modified_gmt":"2026-01-21T03:36:58","slug":"envio-sedena-40-soldados-a-ee-uu-para-capacitacion","status":"publish","type":"post","link":"https:\/\/rnoticias.com.mx\/Portal\/2026\/01\/20\/envio-sedena-40-soldados-a-ee-uu-para-capacitacion\/","title":{"rendered":"Envi\u00f3 Sedena 40 soldados a EE.UU. para capacitaci\u00f3n"},"content":{"rendered":"<p dir=\"ltr\">El traslado de las tropas fue aprobado por el Congreso mexicano en noviembre de 2025, y los soldados viajaron a bordo de un avi\u00f3n H\u00e9rcules C-130 de la Fuerza A\u00e9rea Mexicana. Durante el programa, los militares recibir\u00e1n instrucci\u00f3n en planificaci\u00f3n y ejecuci\u00f3n de operaciones, con la intenci\u00f3n de alinear doctrinas y pr\u00e1cticas con sus hom\u00f3logos estadounidenses.<\/p>\n<p>Camp Shelby es un centro de entrenamiento de 525 kil\u00f3metros cuadrados utilizado por diversas ramas del ej\u00e9rcito estadounidense, incluyendo Ej\u00e9rcito, Armada, Cuerpo de Marines y Fuerza A\u00e9rea, as\u00ed como por fuerzas internacionales. Las instalaciones permiten entrenamientos a nivel de batall\u00f3n y cuentan con equipos para tanques M1 Abrams, veh\u00edculos Bradley y obuses Paladin, entre otros.<\/p>\n<p>El documento aprobado por el Senado tambi\u00e9n autoriz\u00f3 que los soldados ingresen a Estados Unidos con armamento para realizar las pr\u00e1cticas. Seg\u00fan las autoridades, este programa contribuye tanto al desarrollo profesional de los militares como al fortalecimiento de la cooperaci\u00f3n bilateral en seguridad entre M\u00e9xico y Estados Unidos.<\/p>\n<p>La capacitaci\u00f3n se extender\u00e1 hasta el 13 de marzo de 2026 y tiene como objetivo fortalecer las habilidades de los militares mexicanos en operaciones especiales y coordinaci\u00f3n internacional.<\/p>\n","protected":false},"excerpt":{"rendered":"<p>El traslado de las tropas fue aprobado por el Congreso mexicano en noviembre de 2025, y los soldados viajaron a bordo de un avi\u00f3n H\u00e9rcules C-130 de la Fuerza A\u00e9rea Mexicana. Durante el programa, los militares recibir\u00e1n instrucci\u00f3n en planificaci\u00f3n y ejecuci\u00f3n de operaciones, con la intenci\u00f3n de alinear doctrinas y pr\u00e1cticas con sus hom\u00f3logos [&hellip;]<\/p>\n","protected":false},"author":2,"featured_media":241873,"comment_status":"closed","ping_status":"closed","sticky":false,"template":"","format":"standard","meta":{"footnotes":""},"categories":[12870,172],"tags":[12865,12874],"class_list":["post-241872","post","type-post","status-publish","format-standard","has-post-thumbnail","hentry","category-destacadas","category-nacional","tag-destacadas","tag-nacional"],"jetpack_featured_media_url":"https:\/\/rnoticias.com.mx\/Portal\/wp-content\/uploads\/2026\/01\/senado-sedena-ejercito-militares-estados-unidos-eu-05122023-700x438-1.jpg","amp_enabled":true,"_links":{"self":[{"href":"https:\/\/rnoticias.com.mx\/Portal\/wp-json\/wp\/v2\/posts\/241872","targetHints":{"allow":["GET"]}}],"collection":[{"href":"https:\/\/rnoticias.com.mx\/Portal\/wp-json\/wp\/v2\/posts"}],"about":[{"href":"https:\/\/rnoticias.com.mx\/Portal\/wp-json\/wp\/v2\/types\/post"}],"author":[{"embeddable":true,"href":"https:\/\/rnoticias.com.mx\/Portal\/wp-json\/wp\/v2\/users\/2"}],"replies":[{"embeddable":true,"href":"https:\/\/rnoticias.com.mx\/Portal\/wp-json\/wp\/v2\/comments?post=241872"}],"version-history":[{"count":1,"href":"https:\/\/rnoticias.com.mx\/Portal\/wp-json\/wp\/v2\/posts\/241872\/revisions"}],"predecessor-version":[{"id":241874,"href":"https:\/\/rnoticias.com.mx\/Portal\/wp-json\/wp\/v2\/posts\/241872\/revisions\/241874"}],"wp:featuredmedia":[{"embeddable":true,"href":"https:\/\/rnoticias.com.mx\/Portal\/wp-json\/wp\/v2\/media\/241873"}],"wp:attachment":[{"href":"https:\/\/rnoticias.com.mx\/Portal\/wp-json\/wp\/v2\/media?parent=241872"}],"wp:term":[{"taxonomy":"category","embeddable":true,"href":"https:\/\/rnoticias.com.mx\/Portal\/wp-json\/wp\/v2\/categories?post=241872"},{"taxonomy":"post_tag","embeddable":true,"href":"https:\/\/rnoticias.com.mx\/Portal\/wp-json\/wp\/v2\/tags?post=241872"}],"curies":[{"name":"wp","href":"https:\/\/api.w.org\/{rel}","templated":true}]}}