{"id":241866,"date":"2026-01-20T20:32:24","date_gmt":"2026-01-21T03:32:24","guid":{"rendered":"https:\/\/rnoticias.com.mx\/Portal\/?p=241866"},"modified":"2026-01-20T20:32:24","modified_gmt":"2026-01-21T03:32:24","slug":"revelan-nombres-de-los-37-criminales-que-mexico-traslado-a-ee-uu","status":"publish","type":"post","link":"https:\/\/rnoticias.com.mx\/Portal\/2026\/01\/20\/revelan-nombres-de-los-37-criminales-que-mexico-traslado-a-ee-uu\/","title":{"rendered":"Revelan nombres de los 37 criminales que M\u00e9xico traslad\u00f3 a EE.UU."},"content":{"rendered":"<p>El\u00a0<strong>gobierno de M\u00e9xico<\/strong>\u00a0anunci\u00f3 este martes el traslado a\u00a0<strong>Estados Unidos<\/strong>\u00a0de\u00a0<strong>37 presos<\/strong>\u00a0de distintos centros penitenciarios del pa\u00eds considerados &#8220;una\u00a0<strong>amenaza real<\/strong>\u00a0para la seguridad&#8221; y que eran requeridos por v\u00ednculos con organizaciones criminales, la tercera entrega de este tipo bajo el gobierno de la presidenta\u00a0<strong>Claudia Sheinbaum<\/strong>.<\/p>\n<p>De acuerdo con los reportes, entre los reos que trasladados destacan:<\/p>\n<p><strong>Pedro Inzunza Noriega<\/strong>, alias \u201cEl Se\u00f1or de la Silla\u201d, segundo al mando del c\u00e1rtel de \u201cLos Beltr\u00e1n Leyva\u201d. Fue trasladado a San Diego, California. Seg\u00fan el diario El Financiero, \u00e9l persona estar\u00eda encabezando esta tercera entrega.<\/p>\n<p><strong>Ricardo Gonz\u00e1lez Sauceda<\/strong>, alias \u201cEl Ricky\u201d, l\u00edder regional del \u201cC\u00e1rtel del Noreste\u201d con zona de operaci\u00f3n en los estados de Coahuila, Nuevo Le\u00f3n y Tamaulipas. Fue trasladado a San Antonio, Texas.<\/p>\n<p><strong>Juan Pablo Bastidas Erenas<\/strong>, alias \u201cPayo Zurita\u201d, operador log\u00edstico del c\u00e1rtel de \u201cLos Beltr\u00e1n Leyva\u201d. Fue trasladado a San Diego, California.<\/p>\n<p><strong>Armando G\u00f3mez N\u00fa\u00f1ez<\/strong>, alias \u201cDelta1\u201d, l\u00edder de \u201cLos Deltas\u201d perteneciente al C\u00e1rtel Jalisco Nueva Generaci\u00f3n. Fue trasladado a Dulles, Washington.<\/p>\n<p><strong>Daniel Alfredo Blanco Joo<\/strong>, alias \u201cEl Cubano\u201d, operador log\u00edstico del \u201cC\u00e1rtel del Pac\u00edfico\u201d, encargado del tr\u00e1fico de estupefacientes a Estados Unidos, es considerado objetivo prioritario del FBI. Fue trasladado a Houston, Texas.<\/p>\n<p>Hasta el momento, las autoridades mexicanas no han revelado la lista completa de los delincuentes.<\/p>\n<p>&nbsp;<\/p>\n","protected":false},"excerpt":{"rendered":"<p>El\u00a0gobierno de M\u00e9xico\u00a0anunci\u00f3 este martes el traslado a\u00a0Estados Unidos\u00a0de\u00a037 presos\u00a0de distintos centros penitenciarios del pa\u00eds considerados &#8220;una\u00a0amenaza real\u00a0para la seguridad&#8221; y que eran requeridos por v\u00ednculos con organizaciones criminales, la tercera entrega de este tipo bajo el gobierno de la presidenta\u00a0Claudia Sheinbaum. De acuerdo con los reportes, entre los reos que trasladados destacan: Pedro Inzunza [&hellip;]<\/p>\n","protected":false},"author":2,"featured_media":241867,"comment_status":"closed","ping_status":"closed","sticky":false,"template":"","format":"standard","meta":{"footnotes":""},"categories":[12870,172],"tags":[12865,12874],"class_list":["post-241866","post","type-post","status-publish","format-standard","has-post-thumbnail","hentry","category-destacadas","category-nacional","tag-destacadas","tag-nacional"],"jetpack_featured_media_url":"https:\/\/rnoticias.com.mx\/Portal\/wp-content\/uploads\/2026\/01\/JIhmaBxMgS0EotLz63HLG93RNZdFx9kPUSGZryKG.jpg","amp_enabled":true,"_links":{"self":[{"href":"https:\/\/rnoticias.com.mx\/Portal\/wp-json\/wp\/v2\/posts\/241866","targetHints":{"allow":["GET"]}}],"collection":[{"href":"https:\/\/rnoticias.com.mx\/Portal\/wp-json\/wp\/v2\/posts"}],"about":[{"href":"https:\/\/rnoticias.com.mx\/Portal\/wp-json\/wp\/v2\/types\/post"}],"author":[{"embeddable":true,"href":"https:\/\/rnoticias.com.mx\/Portal\/wp-json\/wp\/v2\/users\/2"}],"replies":[{"embeddable":true,"href":"https:\/\/rnoticias.com.mx\/Portal\/wp-json\/wp\/v2\/comments?post=241866"}],"version-history":[{"count":1,"href":"https:\/\/rnoticias.com.mx\/Portal\/wp-json\/wp\/v2\/posts\/241866\/revisions"}],"predecessor-version":[{"id":241868,"href":"https:\/\/rnoticias.com.mx\/Portal\/wp-json\/wp\/v2\/posts\/241866\/revisions\/241868"}],"wp:featuredmedia":[{"embeddable":true,"href":"https:\/\/rnoticias.com.mx\/Portal\/wp-json\/wp\/v2\/media\/241867"}],"wp:attachment":[{"href":"https:\/\/rnoticias.com.mx\/Portal\/wp-json\/wp\/v2\/media?parent=241866"}],"wp:term":[{"taxonomy":"category","embeddable":true,"href":"https:\/\/rnoticias.com.mx\/Portal\/wp-json\/wp\/v2\/categories?post=241866"},{"taxonomy":"post_tag","embeddable":true,"href":"https:\/\/rnoticias.com.mx\/Portal\/wp-json\/wp\/v2\/tags?post=241866"}],"curies":[{"name":"wp","href":"https:\/\/api.w.org\/{rel}","templated":true}]}}