{"id":241845,"date":"2026-01-20T20:17:26","date_gmt":"2026-01-21T03:17:26","guid":{"rendered":"https:\/\/rnoticias.com.mx\/Portal\/?p=241845"},"modified":"2026-01-20T20:17:26","modified_gmt":"2026-01-21T03:17:26","slug":"trump-bromea-con-ponerle-su-nombre-al-golfo-de-mexico-aun-estamos-a-tiempo","status":"publish","type":"post","link":"https:\/\/rnoticias.com.mx\/Portal\/2026\/01\/20\/trump-bromea-con-ponerle-su-nombre-al-golfo-de-mexico-aun-estamos-a-tiempo\/","title":{"rendered":"Trump bromea con ponerle su nombre al golfo de M\u00e9xico: &#8216;A\u00fan estamos a tiempo&#8217;"},"content":{"rendered":"<p>El presidente estadounidense,\u00a0<strong>Donald Trump<\/strong>, brome\u00f3 este martes con que a\u00fan est\u00e1<strong>\u00a0&#8220;a tiempo&#8221;\u00a0<\/strong>de ponerle su nombre al golfo de M\u00e9xico, rebautizado como\u00a0<strong>&#8216;golfo de Estados Unidos&#8217; a su regreso a la Casa Blanca hace un a\u00f1o, insistiendo en que su equipo no rechaza casi ninguna de sus ideas.<\/strong><\/p>\n<p><strong>&#8220;Iba a llamarlo el golfo de Trump, pero pens\u00e9 que me matar\u00edan si hac\u00eda eso. Quer\u00eda hacerlo. (&#8230;) El golfo de Trump suena bien de todos modos, quiz\u00e1 podamos hacerlo. A\u00fan estamos a tiempo&#8221;,<\/strong>\u00a0dijo en una rueda de prensa para destacar los logros del primer a\u00f1o de su segundo mandato.<\/p>\n<p>El mandatario advirti\u00f3 que no hablaba en serio a los periodistas reunidos en la abarrotada Sala de Prensa de la residencia ejecutiva<strong>. &#8220;Estoy bromeando, \u00bfsaben?, cuando digo eso. No iba a llamarlo el golfo de Trump, porque ma\u00f1ana ya puedo ver los titulares: &#8216;Trump quer\u00eda nombrarlo el golfo de Trump, pero fue rechazado por su equipo'&#8221;.<\/strong><\/p>\n<p><strong>&#8220;Mi gente no me contradice demasiado&#8221;<\/strong>, matiz\u00f3.<\/p>\n<p>Durante su intervenci\u00f3n ante la prensa, Trump defendi\u00f3 el rebautizo del accidente geogr\u00e1fico porque, seg\u00fan dijo, EE.UU.\u00a0<strong>&#8220;tiene el 92 % de la costa&#8221; del golfo<\/strong>, una afirmaci\u00f3n incorrecta independientemente del c\u00e1lculo que se emplee para establecer cu\u00e1nta costa tiene cada uno de los muchos pa\u00edses que se sit\u00faan en el golfo.<\/p>\n<p><strong>&#8220;Siempre me molest\u00f3. Dir\u00eda que tenemos la mayor parte de la costa. M\u00e9xico tiene un peque\u00f1o porcentaje. Hablan del 8 %, pero nosotros tenemos el 92 %, y yo me dije: &#8216;\u00bfPor qu\u00e9? \u00bfPor qu\u00e9 es el golfo de M\u00e9xico? Deber\u00eda ser el golfo de Estados Unidos'&#8221;,<\/strong>\u00a0agreg\u00f3.<\/p>\n<p>Trump hizo oficial el cambio de nombre con una orden ejecutiva firmada el 20 de enero de 2025, en la que instruy\u00f3 usar\u00a0<strong>&#8216;Gulf of America&#8217;<\/strong>\u00a0o\u00a0<strong>&#8216;golfo de Estados Unidos<\/strong>&#8216; en los documentos federales.<\/p>\n<p>El cambio fue recibido con opiniones divididas: su base lo celebr\u00f3 como una muestra m\u00e1s de la &#8220;superioridad estadounidense en la regi\u00f3n&#8221;, mientras que suscit\u00f3 rechazo entre varios pa\u00edses de Am\u00e9rica Latina, en especial de M\u00e9xico, donde se sigue llamando por su nombre original.<\/p>\n<p>Tras la actualizaci\u00f3n del registro oficial de top\u00f3nimos de EE.UU.,\u00a0<strong>el servicio Google Maps fue el primero en adoptar la nueva denominaci\u00f3n para usuarios dentro del pa\u00eds, seguido por Apple Maps y Bing.<\/strong><\/p>\n<p>Por otra parte, medios como Associated Press anunciaron que seguir\u00edan utilizando\u00a0<strong>&#8216;golfo de M\u00e9xico&#8217;<\/strong>\u00a0en sus informaciones, mencionando la nueva nomenclatura de\u00a0<strong>&#8216;golfo de Estados Unidos<\/strong>&#8216; como referencia secundaria.<\/p>\n<p>Debido a esto,<strong>\u00a0la Casa Blanca vet\u00f3 a la agencia de noticias de la cobertura de varios eventos presidenciales, lo que llev\u00f3 a AP a demandar a la Administraci\u00f3n.\u00a0<\/strong>Un juez fall\u00f3 a favor del medio, pero el Gobierno republicano apel\u00f3 y el caso a\u00fan se encuentra en litigio.<\/p>\n","protected":false},"excerpt":{"rendered":"<p>El presidente estadounidense,\u00a0Donald Trump, brome\u00f3 este martes con que a\u00fan est\u00e1\u00a0&#8220;a tiempo&#8221;\u00a0de ponerle su nombre al golfo de M\u00e9xico, rebautizado como\u00a0&#8216;golfo de Estados Unidos&#8217; a su regreso a la Casa Blanca hace un a\u00f1o, insistiendo en que su equipo no rechaza casi ninguna de sus ideas. &#8220;Iba a llamarlo el golfo de Trump, pero pens\u00e9 [&hellip;]<\/p>\n","protected":false},"author":2,"featured_media":241846,"comment_status":"closed","ping_status":"closed","sticky":false,"template":"","format":"standard","meta":{"footnotes":""},"categories":[12870,182],"tags":[12865,12871],"class_list":["post-241845","post","type-post","status-publish","format-standard","has-post-thumbnail","hentry","category-destacadas","category-internacional","tag-destacadas","tag-internacional"],"jetpack_featured_media_url":"https:\/\/rnoticias.com.mx\/Portal\/wp-content\/uploads\/2026\/01\/rss-efe30e1cbdf7f94d3f0c033cd4b73e1b57bf253a9d6w.jpg","amp_enabled":true,"_links":{"self":[{"href":"https:\/\/rnoticias.com.mx\/Portal\/wp-json\/wp\/v2\/posts\/241845","targetHints":{"allow":["GET"]}}],"collection":[{"href":"https:\/\/rnoticias.com.mx\/Portal\/wp-json\/wp\/v2\/posts"}],"about":[{"href":"https:\/\/rnoticias.com.mx\/Portal\/wp-json\/wp\/v2\/types\/post"}],"author":[{"embeddable":true,"href":"https:\/\/rnoticias.com.mx\/Portal\/wp-json\/wp\/v2\/users\/2"}],"replies":[{"embeddable":true,"href":"https:\/\/rnoticias.com.mx\/Portal\/wp-json\/wp\/v2\/comments?post=241845"}],"version-history":[{"count":1,"href":"https:\/\/rnoticias.com.mx\/Portal\/wp-json\/wp\/v2\/posts\/241845\/revisions"}],"predecessor-version":[{"id":241847,"href":"https:\/\/rnoticias.com.mx\/Portal\/wp-json\/wp\/v2\/posts\/241845\/revisions\/241847"}],"wp:featuredmedia":[{"embeddable":true,"href":"https:\/\/rnoticias.com.mx\/Portal\/wp-json\/wp\/v2\/media\/241846"}],"wp:attachment":[{"href":"https:\/\/rnoticias.com.mx\/Portal\/wp-json\/wp\/v2\/media?parent=241845"}],"wp:term":[{"taxonomy":"category","embeddable":true,"href":"https:\/\/rnoticias.com.mx\/Portal\/wp-json\/wp\/v2\/categories?post=241845"},{"taxonomy":"post_tag","embeddable":true,"href":"https:\/\/rnoticias.com.mx\/Portal\/wp-json\/wp\/v2\/tags?post=241845"}],"curies":[{"name":"wp","href":"https:\/\/api.w.org\/{rel}","templated":true}]}}