{"id":241842,"date":"2026-01-20T20:16:27","date_gmt":"2026-01-21T03:16:27","guid":{"rendered":"https:\/\/rnoticias.com.mx\/Portal\/?p=241842"},"modified":"2026-01-20T20:16:27","modified_gmt":"2026-01-21T03:16:27","slug":"claudia-sheinbaum-se-reune-con-mary-simon-gobernadora-general-de-canada","status":"publish","type":"post","link":"https:\/\/rnoticias.com.mx\/Portal\/2026\/01\/20\/claudia-sheinbaum-se-reune-con-mary-simon-gobernadora-general-de-canada\/","title":{"rendered":"Claudia Sheinbaum se re\u00fane con Mary Simon, gobernadora general de Canad\u00e1"},"content":{"rendered":"<p>La presidenta de M\u00e9xico, Claudia Sheinbaum, recibi\u00f3 este martes en Palacio Nacional a la gobernadora general de\u00a0<strong>Canad\u00e1, Mary Simon, quien tiene car\u00e1cter de jefa de Estado, en el marco de una visita oficial al pa\u00eds.<\/strong><\/p>\n<p>Sheinbaum sali\u00f3 a recibir a Simon por la entrada destinada al acceso de jefes de Estado y la condujo al patio principal de Palacio Nacional (sede del Gobierno), donde se llev\u00f3 a cabo la ceremonia oficial de recepci\u00f3n, con la interpretaci\u00f3n de los himnos nacionales de M\u00e9xico y Canad\u00e1.<\/p>\n<p><strong>Previamente, durante su conferencia de prensa matutina, la mandataria mexicana destac\u00f3 que Mary Simon es la primera gobernadora general ind\u00edgena de Canad\u00e1.<\/strong><\/p>\n<p><strong>\u201cEs la primera gobernadora general ind\u00edgena en Canad\u00e1. Y le vamos a dar la recepci\u00f3n como jefa de Estado. Viene a platicar, sobre todo, sobre los derechos de los pueblos ind\u00edgenas\u201d<\/strong>, se\u00f1al\u00f3 Sheinbaum.<\/p>\n<p>Tras la ceremonia protocolaria, ambas se trasladaron a las oficinas presidenciales, donde sostienen una reuni\u00f3n privada, como parte de la agenda bilateral.<\/p>\n<p><strong>La visita se da en un contexto de estrecha relaci\u00f3n entre M\u00e9xico y Canad\u00e1, socios estrat\u00e9gicos en el marco del Tratado entre M\u00e9xico, Estados Unidos y Canad\u00e1\u00a0<\/strong>(T-MEC), as\u00ed como en foros multilaterales y temas de cooperaci\u00f3n pol\u00edtica, social y econ\u00f3mica.<\/p>\n<p>Sheinbaum recibi\u00f3 en septiembre pasado en Palacio Nacional al primer ministro de Canad\u00e1, Mark Carney.<\/p>\n<p>El encuentro de este martes con Simon ocurre mientras los gobiernos de M\u00e9xico, Estados Unidos y Canad\u00e1 comienzan a perfilar los temas que podr\u00edan revisarse en el acuerdo comercial, en un<strong>\u00a0escenario de tensiones por medidas arancelarias, reglas de origen, pol\u00edticas energ\u00e9ticas y estrategias de relocalizaci\u00f3n de cadenas productivas, conocido como &#8216;nearshoring&#8217;.<\/strong><\/p>\n<p>El martes pasado, el presidente estadounidense, Donald Trump, se\u00f1al\u00f3 durante un recorrido por una planta automotriz de Ford en Detroit, que<strong>\u00a0&#8220;ni siquiera pensaba&#8221;<\/strong>\u00a0en el tratado comercial que tiene con M\u00e9xico y Canad\u00e1 al ser\u00a0<strong>&#8220;irrelevante&#8221;.<\/strong><\/p>\n<p><strong>El T-MEC fue negociado durante el primer mandato de Trump y entr\u00f3 en vigor en 2020 en sustituci\u00f3n del Tratado de Libre Comercio de Am\u00e9rica del Norte\u00a0<\/strong>(TLCAN), que el republicano consideraba perjudicial para Estados Unidos.<\/p>\n<p>Los tres pa\u00edses deben revisar el tratado en 2026,\u00a0<strong>acuerdo que cuenta con el respaldo activo tanto de M\u00e9xico como del de Canad\u00e1 frente a las dudas de Washington.<\/strong><\/p>\n","protected":false},"excerpt":{"rendered":"<p>La presidenta de M\u00e9xico, Claudia Sheinbaum, recibi\u00f3 este martes en Palacio Nacional a la gobernadora general de\u00a0Canad\u00e1, Mary Simon, quien tiene car\u00e1cter de jefa de Estado, en el marco de una visita oficial al pa\u00eds. Sheinbaum sali\u00f3 a recibir a Simon por la entrada destinada al acceso de jefes de Estado y la condujo al [&hellip;]<\/p>\n","protected":false},"author":2,"featured_media":241843,"comment_status":"closed","ping_status":"closed","sticky":false,"template":"","format":"standard","meta":{"footnotes":""},"categories":[12870,12868],"tags":[12865,12879],"class_list":["post-241842","post","type-post","status-publish","format-standard","has-post-thumbnail","hentry","category-destacadas","category-politica","tag-destacadas","tag-politica"],"jetpack_featured_media_url":"https:\/\/rnoticias.com.mx\/Portal\/wp-content\/uploads\/2026\/01\/SHEINBAUM-CANADA-INDIGENA-scaled-1.jpeg","amp_enabled":true,"_links":{"self":[{"href":"https:\/\/rnoticias.com.mx\/Portal\/wp-json\/wp\/v2\/posts\/241842","targetHints":{"allow":["GET"]}}],"collection":[{"href":"https:\/\/rnoticias.com.mx\/Portal\/wp-json\/wp\/v2\/posts"}],"about":[{"href":"https:\/\/rnoticias.com.mx\/Portal\/wp-json\/wp\/v2\/types\/post"}],"author":[{"embeddable":true,"href":"https:\/\/rnoticias.com.mx\/Portal\/wp-json\/wp\/v2\/users\/2"}],"replies":[{"embeddable":true,"href":"https:\/\/rnoticias.com.mx\/Portal\/wp-json\/wp\/v2\/comments?post=241842"}],"version-history":[{"count":1,"href":"https:\/\/rnoticias.com.mx\/Portal\/wp-json\/wp\/v2\/posts\/241842\/revisions"}],"predecessor-version":[{"id":241844,"href":"https:\/\/rnoticias.com.mx\/Portal\/wp-json\/wp\/v2\/posts\/241842\/revisions\/241844"}],"wp:featuredmedia":[{"embeddable":true,"href":"https:\/\/rnoticias.com.mx\/Portal\/wp-json\/wp\/v2\/media\/241843"}],"wp:attachment":[{"href":"https:\/\/rnoticias.com.mx\/Portal\/wp-json\/wp\/v2\/media?parent=241842"}],"wp:term":[{"taxonomy":"category","embeddable":true,"href":"https:\/\/rnoticias.com.mx\/Portal\/wp-json\/wp\/v2\/categories?post=241842"},{"taxonomy":"post_tag","embeddable":true,"href":"https:\/\/rnoticias.com.mx\/Portal\/wp-json\/wp\/v2\/tags?post=241842"}],"curies":[{"name":"wp","href":"https:\/\/api.w.org\/{rel}","templated":true}]}}