{"id":241833,"date":"2026-01-20T19:36:11","date_gmt":"2026-01-21T02:36:11","guid":{"rendered":"https:\/\/rnoticias.com.mx\/Portal\/?p=241833"},"modified":"2026-01-20T19:36:11","modified_gmt":"2026-01-21T02:36:11","slug":"invita-gobierno-municipal-a-formar-parte-del-respaldo-a-deportistas-hermosillenses","status":"publish","type":"post","link":"https:\/\/rnoticias.com.mx\/Portal\/2026\/01\/20\/invita-gobierno-municipal-a-formar-parte-del-respaldo-a-deportistas-hermosillenses\/","title":{"rendered":"Invita Gobierno Municipal a formar parte del respaldo a deportistas hermosillenses"},"content":{"rendered":"<div><b data-olk-copy-source=\"MessageBody\">Hermosillo, Sonora; 20 de enero, 2026.-<\/b>\u00a0El Gobierno Municipal e integrantes del Comit\u00e9 de Administraci\u00f3n del Fondo Deportivo del Instituto del Deporte de Hermosillo, IDH, invitaron a la comunidad en general a ser parte del esfuerzo de recaudaci\u00f3n de recursos extraordinarios para apoyar con sus gastos a m\u00e1s deportistas hermosillenses participantes en competencias fuera del municipio.<\/p>\n<p>Se trata de la cena estilo regional sonorense \u201cDe la H para el Mundo\u201d, en el complejo deportivo Nacameri, con un cover de 500 pesos por persona y boletos disponibles en las oficinas del Instituto del Deporte de Hermosillo, que se localizan dentro de las mismas instalaciones.<\/p>\n<p>Rafael Cruz Flores, director del IDH; Dulce Mar\u00eda Robles, regidora presidenta de la Comisi\u00f3n de Recreaci\u00f3n, Deporte y Atenci\u00f3n a la Juventud en el Cabildo; Samuel Liz\u00e1rraga, director deportivo del IDH y C\u00e9sar Fernando Valenzuela G\u00f3mez, coordinador t\u00e9cnico nacional de gimnasia art\u00edstica varonil de la Federaci\u00f3n Mexicana de Gimnasia, compartieron en conferencia de prensa los detalles de la actividad que preparan para el pr\u00f3ximo 29 de enero.<\/p>\n<p>\u201cVa a ser una cena de mucha convivencia, tambi\u00e9n de disfrutar el talento local, tenemos a un grupo ochentero muy bueno, Rebell Spirit, en coordinaci\u00f3n con el Instituto Municipal de Cultura y Arte, vamos muy bien, nuestra meta en este primer evento son 500 mil pesos\u201d, revel\u00f3 Dulce Robles.<\/p>\n<p>El titular del IDH explic\u00f3 que las aportaciones por concepto de boletos ser\u00e1n deducibles de impuestos y los recursos que se re\u00fanan ingresar\u00e1n directamente a la cuenta del Fondo Deportivo.<\/p>\n<p>\u201cTenemos 362 solicitudes que nos han pedido y el 100% se han otorgado, hemos entregado ya una aportaci\u00f3n de 2.8 millones de pesos, ya casi le estamos pegando a los 3 millones de pesos de puras aportaciones del Fondo Deportivo, estamos muy contentos y queremos seguir cumpliendo metas, seguir apoyando a los deportistas, a los equipos que nos solicitan apoyo para representar a Hermosillo\u201d, coment\u00f3.<\/p>\n<p>La meta es que ning\u00fan deportista hermosillense deje de participar en competencias estatales, regionales, nacionales, o incluso en otros pa\u00edses, por falta de dinero para transporte, hospedajes o alimentos, por lo que continuar\u00e1n realiz\u00e1ndose actividades de recaudaci\u00f3n de recursos que ayuden a solventar ese tipo de gastos, explicaron.<\/p><\/div>\n<p>&nbsp;<\/p>\n<p>&#8212;<\/p>\n","protected":false},"excerpt":{"rendered":"<p>Hermosillo, Sonora; 20 de enero, 2026.-\u00a0El Gobierno Municipal e integrantes del Comit\u00e9 de Administraci\u00f3n del Fondo Deportivo del Instituto del Deporte de Hermosillo, IDH, invitaron a la comunidad en general a ser parte del esfuerzo de recaudaci\u00f3n de recursos extraordinarios para apoyar con sus gastos a m\u00e1s deportistas hermosillenses participantes en competencias fuera del municipio. [&hellip;]<\/p>\n","protected":false},"author":2,"featured_media":241834,"comment_status":"closed","ping_status":"closed","sticky":false,"template":"","format":"standard","meta":{"footnotes":""},"categories":[188,12870],"tags":[5231,12865],"class_list":["post-241833","post","type-post","status-publish","format-standard","has-post-thumbnail","hentry","category-deportes","category-destacadas","tag-deportes","tag-destacadas"],"jetpack_featured_media_url":"https:\/\/rnoticias.com.mx\/Portal\/wp-content\/uploads\/2026\/01\/Invita-Gobierno-Municipal-a-formar-parte-del-respaldo-a-deportistas-hermosillenses-2.jpeg","amp_enabled":true,"_links":{"self":[{"href":"https:\/\/rnoticias.com.mx\/Portal\/wp-json\/wp\/v2\/posts\/241833","targetHints":{"allow":["GET"]}}],"collection":[{"href":"https:\/\/rnoticias.com.mx\/Portal\/wp-json\/wp\/v2\/posts"}],"about":[{"href":"https:\/\/rnoticias.com.mx\/Portal\/wp-json\/wp\/v2\/types\/post"}],"author":[{"embeddable":true,"href":"https:\/\/rnoticias.com.mx\/Portal\/wp-json\/wp\/v2\/users\/2"}],"replies":[{"embeddable":true,"href":"https:\/\/rnoticias.com.mx\/Portal\/wp-json\/wp\/v2\/comments?post=241833"}],"version-history":[{"count":1,"href":"https:\/\/rnoticias.com.mx\/Portal\/wp-json\/wp\/v2\/posts\/241833\/revisions"}],"predecessor-version":[{"id":241835,"href":"https:\/\/rnoticias.com.mx\/Portal\/wp-json\/wp\/v2\/posts\/241833\/revisions\/241835"}],"wp:featuredmedia":[{"embeddable":true,"href":"https:\/\/rnoticias.com.mx\/Portal\/wp-json\/wp\/v2\/media\/241834"}],"wp:attachment":[{"href":"https:\/\/rnoticias.com.mx\/Portal\/wp-json\/wp\/v2\/media?parent=241833"}],"wp:term":[{"taxonomy":"category","embeddable":true,"href":"https:\/\/rnoticias.com.mx\/Portal\/wp-json\/wp\/v2\/categories?post=241833"},{"taxonomy":"post_tag","embeddable":true,"href":"https:\/\/rnoticias.com.mx\/Portal\/wp-json\/wp\/v2\/tags?post=241833"}],"curies":[{"name":"wp","href":"https:\/\/api.w.org\/{rel}","templated":true}]}}