{"id":241830,"date":"2026-01-20T19:34:21","date_gmt":"2026-01-21T02:34:21","guid":{"rendered":"https:\/\/rnoticias.com.mx\/Portal\/?p=241830"},"modified":"2026-01-20T19:34:21","modified_gmt":"2026-01-21T02:34:21","slug":"sonora-necesita-cifras-actualizadas-sobre-bullying-y-violencia-escolar-fngs","status":"publish","type":"post","link":"https:\/\/rnoticias.com.mx\/Portal\/2026\/01\/20\/sonora-necesita-cifras-actualizadas-sobre-bullying-y-violencia-escolar-fngs\/","title":{"rendered":"Sonora necesita cifras actualizadas sobre bullying y violencia escolar: FNGS"},"content":{"rendered":"<p>Hermosillo, Sonora. Un estudio reciente de la Fundaci\u00f3n Nueva Generaci\u00f3n Sonora revela la urgencia de contar con datos confiables sobre violencia escolar y ciberacoso en el estado.<\/p>\n<p>&nbsp;<\/p>\n<p>Michelle Lucero, directora de la organizaci\u00f3n, la falta de informaci\u00f3n actualizada impide generar diagn\u00f3sticos precisos y dise\u00f1ar estrategias de prevenci\u00f3n efectivas.<\/p>\n<p>&nbsp;<\/p>\n<p>\u201cDurante octubre y noviembre, se realizaron pl\u00e1ticas en escuelas donde se identificaron situaciones de riesgo al interior de las aulas\u201d, dijo.<\/p>\n<p>&nbsp;<\/p>\n<p>Sin embargo, Lucero destac\u00f3 que a\u00fan no existen cifras detalladas por municipio, lo que complica la respuesta institucional.<\/p>\n<p>&nbsp;<\/p>\n<p>Los datos disponibles para 2024 se\u00f1alan que 485 menores fueron v\u00edctimas de violencia escolar, aunque en el 90% de los casos no se especific\u00f3 el tipo de agresi\u00f3n. En paralelo, el 18.3% de los adolescentes usuarios de internet, es decir, 424 mil menores, reportaron haber sufrido ciberacoso.<\/p>\n<p>&nbsp;<\/p>\n<p>\u201cEste tema ha carecido de prioridad durante a\u00f1os, y necesitamos informaci\u00f3n actualizada para proteger a los estudiantes\u201d, enfatiz\u00f3 Lucero.<\/p>\n<p>&nbsp;<\/p>\n<p>&nbsp;<\/p>\n","protected":false},"excerpt":{"rendered":"<p>Hermosillo, Sonora. Un estudio reciente de la Fundaci\u00f3n Nueva Generaci\u00f3n Sonora revela la urgencia de contar con datos confiables sobre violencia escolar y ciberacoso en el estado. &nbsp; Michelle Lucero, directora de la organizaci\u00f3n, la falta de informaci\u00f3n actualizada impide generar diagn\u00f3sticos precisos y dise\u00f1ar estrategias de prevenci\u00f3n efectivas. &nbsp; \u201cDurante octubre y noviembre, se [&hellip;]<\/p>\n","protected":false},"author":2,"featured_media":241831,"comment_status":"closed","ping_status":"closed","sticky":false,"template":"","format":"standard","meta":{"footnotes":""},"categories":[12870,178],"tags":[12865,12869],"class_list":["post-241830","post","type-post","status-publish","format-standard","has-post-thumbnail","hentry","category-destacadas","category-local","tag-destacadas","tag-local"],"jetpack_featured_media_url":"https:\/\/rnoticias.com.mx\/Portal\/wp-content\/uploads\/2026\/01\/tipos-de-acoso-escolar-scaled-1.jpg","amp_enabled":true,"_links":{"self":[{"href":"https:\/\/rnoticias.com.mx\/Portal\/wp-json\/wp\/v2\/posts\/241830","targetHints":{"allow":["GET"]}}],"collection":[{"href":"https:\/\/rnoticias.com.mx\/Portal\/wp-json\/wp\/v2\/posts"}],"about":[{"href":"https:\/\/rnoticias.com.mx\/Portal\/wp-json\/wp\/v2\/types\/post"}],"author":[{"embeddable":true,"href":"https:\/\/rnoticias.com.mx\/Portal\/wp-json\/wp\/v2\/users\/2"}],"replies":[{"embeddable":true,"href":"https:\/\/rnoticias.com.mx\/Portal\/wp-json\/wp\/v2\/comments?post=241830"}],"version-history":[{"count":1,"href":"https:\/\/rnoticias.com.mx\/Portal\/wp-json\/wp\/v2\/posts\/241830\/revisions"}],"predecessor-version":[{"id":241832,"href":"https:\/\/rnoticias.com.mx\/Portal\/wp-json\/wp\/v2\/posts\/241830\/revisions\/241832"}],"wp:featuredmedia":[{"embeddable":true,"href":"https:\/\/rnoticias.com.mx\/Portal\/wp-json\/wp\/v2\/media\/241831"}],"wp:attachment":[{"href":"https:\/\/rnoticias.com.mx\/Portal\/wp-json\/wp\/v2\/media?parent=241830"}],"wp:term":[{"taxonomy":"category","embeddable":true,"href":"https:\/\/rnoticias.com.mx\/Portal\/wp-json\/wp\/v2\/categories?post=241830"},{"taxonomy":"post_tag","embeddable":true,"href":"https:\/\/rnoticias.com.mx\/Portal\/wp-json\/wp\/v2\/tags?post=241830"}],"curies":[{"name":"wp","href":"https:\/\/api.w.org\/{rel}","templated":true}]}}