{"id":241824,"date":"2026-01-20T19:31:26","date_gmt":"2026-01-21T02:31:26","guid":{"rendered":"https:\/\/rnoticias.com.mx\/Portal\/?p=241824"},"modified":"2026-01-20T19:31:26","modified_gmt":"2026-01-21T02:31:26","slug":"productores-de-nuez-en-sonora-enfrentan-crisis-por-clima","status":"publish","type":"post","link":"https:\/\/rnoticias.com.mx\/Portal\/2026\/01\/20\/productores-de-nuez-en-sonora-enfrentan-crisis-por-clima\/","title":{"rendered":"Productores de nuez en Sonora enfrentan crisis por clima"},"content":{"rendered":"<p>La producci\u00f3n de nuez en la regi\u00f3n de la costa de Sonora atraviesa una etapa cr\u00edtica derivada de diversos factores clim\u00e1ticos, productivos y econ\u00f3micos que mantienen preocupados a los productores.<\/p>\n<p>&nbsp;<\/p>\n<p>Roberto Verdugo, gerente de Productores de Nueces, dio a conocer que entre las principales problem\u00e1ticas destacan la reducci\u00f3n acelerada de la superficie cultivada, la baja acumulaci\u00f3n de horas fr\u00edo necesarias para el descanso del nogal y las dificultades para completar al 100% la comercializaci\u00f3n de la cosecha.<\/p>\n<p>&nbsp;<\/p>\n<p>\u201cRecordemos que el nogal tiene aqu\u00ed m\u00e1s de 50 a\u00f1os, sin embargo, el cambio clim\u00e1tico est\u00e1 teniendo un efecto en la producci\u00f3n,\u00a0no nom\u00e1s en el cultivo del nogal, pero te digo, a los que nos ata\u00f1en a nosotros es el nogal\u201d, indic\u00f3.<\/p>\n<p>A\u00f1adi\u00f3, que esta situaci\u00f3n ha generado des\u00e1nimo en el sector, provocando que algunas huertas sean reconvertidas a otros cultivos, debido a que los costos de producci\u00f3n agua, energ\u00eda el\u00e9ctrica y salarios superan en muchos casos los ingresos obtenidos.<\/p>\n<p>&nbsp;<\/p>\n<p>Por \u00faltimo, extern\u00f3 que actualmente, se estima que entre el 50 y 60% de la cosecha estatal ya ha sido colocada, principalmente en el mercado nacional, mientras se mantienen expectativas sobre el comportamiento del mercado internacional y el impacto de las condiciones clim\u00e1ticas para la pr\u00f3xima temporada.<\/p>\n","protected":false},"excerpt":{"rendered":"<p>La producci\u00f3n de nuez en la regi\u00f3n de la costa de Sonora atraviesa una etapa cr\u00edtica derivada de diversos factores clim\u00e1ticos, productivos y econ\u00f3micos que mantienen preocupados a los productores. &nbsp; Roberto Verdugo, gerente de Productores de Nueces, dio a conocer que entre las principales problem\u00e1ticas destacan la reducci\u00f3n acelerada de la superficie cultivada, la [&hellip;]<\/p>\n","protected":false},"author":2,"featured_media":241825,"comment_status":"closed","ping_status":"closed","sticky":false,"template":"","format":"standard","meta":{"footnotes":""},"categories":[12870,178],"tags":[12865,12869],"class_list":["post-241824","post","type-post","status-publish","format-standard","has-post-thumbnail","hentry","category-destacadas","category-local","tag-destacadas","tag-local"],"jetpack_featured_media_url":"https:\/\/rnoticias.com.mx\/Portal\/wp-content\/uploads\/2026\/01\/nuez-gorki.jpg","amp_enabled":true,"_links":{"self":[{"href":"https:\/\/rnoticias.com.mx\/Portal\/wp-json\/wp\/v2\/posts\/241824","targetHints":{"allow":["GET"]}}],"collection":[{"href":"https:\/\/rnoticias.com.mx\/Portal\/wp-json\/wp\/v2\/posts"}],"about":[{"href":"https:\/\/rnoticias.com.mx\/Portal\/wp-json\/wp\/v2\/types\/post"}],"author":[{"embeddable":true,"href":"https:\/\/rnoticias.com.mx\/Portal\/wp-json\/wp\/v2\/users\/2"}],"replies":[{"embeddable":true,"href":"https:\/\/rnoticias.com.mx\/Portal\/wp-json\/wp\/v2\/comments?post=241824"}],"version-history":[{"count":1,"href":"https:\/\/rnoticias.com.mx\/Portal\/wp-json\/wp\/v2\/posts\/241824\/revisions"}],"predecessor-version":[{"id":241826,"href":"https:\/\/rnoticias.com.mx\/Portal\/wp-json\/wp\/v2\/posts\/241824\/revisions\/241826"}],"wp:featuredmedia":[{"embeddable":true,"href":"https:\/\/rnoticias.com.mx\/Portal\/wp-json\/wp\/v2\/media\/241825"}],"wp:attachment":[{"href":"https:\/\/rnoticias.com.mx\/Portal\/wp-json\/wp\/v2\/media?parent=241824"}],"wp:term":[{"taxonomy":"category","embeddable":true,"href":"https:\/\/rnoticias.com.mx\/Portal\/wp-json\/wp\/v2\/categories?post=241824"},{"taxonomy":"post_tag","embeddable":true,"href":"https:\/\/rnoticias.com.mx\/Portal\/wp-json\/wp\/v2\/tags?post=241824"}],"curies":[{"name":"wp","href":"https:\/\/api.w.org\/{rel}","templated":true}]}}