{"id":241821,"date":"2026-01-20T18:34:16","date_gmt":"2026-01-21T01:34:16","guid":{"rendered":"https:\/\/rnoticias.com.mx\/Portal\/?p=241821"},"modified":"2026-01-20T18:34:16","modified_gmt":"2026-01-21T01:34:16","slug":"canaco-hermosillo-preve-un-2026-con-reservas-en-la-economia-local","status":"publish","type":"post","link":"https:\/\/rnoticias.com.mx\/Portal\/2026\/01\/20\/canaco-hermosillo-preve-un-2026-con-reservas-en-la-economia-local\/","title":{"rendered":"Canaco Hermosillo prev\u00e9 un 2026 con reservas en la econom\u00eda local"},"content":{"rendered":"<p>La C\u00e1mara Nacional de Comercio (Canaco) Hermosillo consider\u00f3 que el 2026 ser\u00e1 un a\u00f1o con reservas en materia econ\u00f3mica, marcado por la incertidumbre en decisiones de gobierno y factores nacionales que impactan al sector comercial.<\/p>\n<p>&nbsp;<\/p>\n<p>Javier Moreno, presidente del organismo, se\u00f1al\u00f3 que el cierre de 2025 fue menor a lo esperado, con un incremento aproximado del 10% en ventas durante la temporada decembrina, cuando tradicionalmente se proyecta un crecimiento de hasta 30%.<\/p>\n<p>&nbsp;<\/p>\n<p>\u201cMira, yo veo un a\u00f1o complicado, la verdad, yo veo un a\u00f1o que va a estar con mucha, con incertidumbre,\u00a0porque hay muchos cambios en decisiones de gobierno, en decisiones que afectan al comerciante,\u00a0entonces yo creo que va a ser un a\u00f1o con reserva, ojal\u00e1 que no, ojal\u00e1 que el inversionista,\u00a0el gran inversionista, pues s\u00ed se arriesgue un poco y empiece, porque la verdad que muchas\u00a0veces es un riesgo en ciertas inversiones, pero ojal\u00e1 que nos vaya bien\u201d, cont\u00f3.<\/p>\n<p>&nbsp;<\/p>\n<p>Indic\u00f3 que la competencia con la frontera y las compras en l\u00ednea han limitado el consumo local, por lo que Canaco impulsar\u00e1 la capacitaci\u00f3n digital de los comercios.<\/p>\n","protected":false},"excerpt":{"rendered":"<p>La C\u00e1mara Nacional de Comercio (Canaco) Hermosillo consider\u00f3 que el 2026 ser\u00e1 un a\u00f1o con reservas en materia econ\u00f3mica, marcado por la incertidumbre en decisiones de gobierno y factores nacionales que impactan al sector comercial. &nbsp; Javier Moreno, presidente del organismo, se\u00f1al\u00f3 que el cierre de 2025 fue menor a lo esperado, con un incremento [&hellip;]<\/p>\n","protected":false},"author":2,"featured_media":241822,"comment_status":"closed","ping_status":"closed","sticky":false,"template":"","format":"standard","meta":{"footnotes":""},"categories":[12870,178],"tags":[12865,12869],"class_list":["post-241821","post","type-post","status-publish","format-standard","has-post-thumbnail","hentry","category-destacadas","category-local","tag-destacadas","tag-local"],"jetpack_featured_media_url":"https:\/\/rnoticias.com.mx\/Portal\/wp-content\/uploads\/2026\/01\/canaco-hermosillo-1.jpeg","amp_enabled":true,"_links":{"self":[{"href":"https:\/\/rnoticias.com.mx\/Portal\/wp-json\/wp\/v2\/posts\/241821","targetHints":{"allow":["GET"]}}],"collection":[{"href":"https:\/\/rnoticias.com.mx\/Portal\/wp-json\/wp\/v2\/posts"}],"about":[{"href":"https:\/\/rnoticias.com.mx\/Portal\/wp-json\/wp\/v2\/types\/post"}],"author":[{"embeddable":true,"href":"https:\/\/rnoticias.com.mx\/Portal\/wp-json\/wp\/v2\/users\/2"}],"replies":[{"embeddable":true,"href":"https:\/\/rnoticias.com.mx\/Portal\/wp-json\/wp\/v2\/comments?post=241821"}],"version-history":[{"count":1,"href":"https:\/\/rnoticias.com.mx\/Portal\/wp-json\/wp\/v2\/posts\/241821\/revisions"}],"predecessor-version":[{"id":241823,"href":"https:\/\/rnoticias.com.mx\/Portal\/wp-json\/wp\/v2\/posts\/241821\/revisions\/241823"}],"wp:featuredmedia":[{"embeddable":true,"href":"https:\/\/rnoticias.com.mx\/Portal\/wp-json\/wp\/v2\/media\/241822"}],"wp:attachment":[{"href":"https:\/\/rnoticias.com.mx\/Portal\/wp-json\/wp\/v2\/media?parent=241821"}],"wp:term":[{"taxonomy":"category","embeddable":true,"href":"https:\/\/rnoticias.com.mx\/Portal\/wp-json\/wp\/v2\/categories?post=241821"},{"taxonomy":"post_tag","embeddable":true,"href":"https:\/\/rnoticias.com.mx\/Portal\/wp-json\/wp\/v2\/tags?post=241821"}],"curies":[{"name":"wp","href":"https:\/\/api.w.org\/{rel}","templated":true}]}}