{"id":241818,"date":"2026-01-20T18:33:05","date_gmt":"2026-01-21T01:33:05","guid":{"rendered":"https:\/\/rnoticias.com.mx\/Portal\/?p=241818"},"modified":"2026-01-20T18:33:05","modified_gmt":"2026-01-21T01:33:05","slug":"cambios-en-la-interpretacion-del-iva-a-aseguradoras-impactaran-directamente-en-el-costo-de-las-primas-advierte-el-colegio-de-contadores-publicos-de-sonora","status":"publish","type":"post","link":"https:\/\/rnoticias.com.mx\/Portal\/2026\/01\/20\/cambios-en-la-interpretacion-del-iva-a-aseguradoras-impactaran-directamente-en-el-costo-de-las-primas-advierte-el-colegio-de-contadores-publicos-de-sonora\/","title":{"rendered":"Cambios en la interpretaci\u00f3n del IVA a aseguradoras impactar\u00e1n directamente en el costo de las primas, advierte el Colegio de Contadores P\u00fablicos de Sonora"},"content":{"rendered":"<p>Un cambio en la interpretaci\u00f3n del Servicio de Administraci\u00f3n Tributaria (SAT) sobre el acreditamiento del IVA a las aseguradoras impactar\u00e1 directamente en el costo de las primas de seguros, advirti\u00f3 Mar\u00eda Guadalupe Ruiz Durazo, presidenta del Colegio de Contadores P\u00fablicos de Sonora.<\/p>\n<p>&nbsp;<\/p>\n<p>Ru\u00edz Durazo explic\u00f3 que, a partir de 2024, el SAT determin\u00f3 que el IVA que pagan las aseguradoras al resarcir un siniestro como gastos hospitalarios, reparaciones automotrices o reposici\u00f3n de bienes ya no puede acreditarse, al considerar que corresponde al asegurado y no a la compa\u00f1\u00eda.<\/p>\n<p>&nbsp;<\/p>\n<p>\u201cEso lo dir\u00e1n las aseguradoras, pero podr\u00edamos suponer que\u00a0entre un 20 y un 35 por ciento, \u00bfpor qu\u00e9? Porque depende del tipo de seguro, por\u00a0ejemplo, hay quien estima que la inflaci\u00f3n hospitalaria, me dec\u00edan hace un\u00a0rato, ser\u00eda del 15 por ciento m\u00e1s el 16 por ciento de IVA en algunos gastos que\u00a0ahora va a ser costo y no acreditable, entonces yo creo que entre un 20 y un 30\u00a0por ciento podr\u00eda ser\u201d, dijo.<\/p>\n<p>&nbsp;<\/p>\n<p>Mencion\u00f3 que este criterio rompe con una pr\u00e1ctica vigente durante d\u00e9cadas, en la que dicho impuesto se consideraba un gasto estrictamente indispensable, por lo que este ajuste no vendr\u00e1 a ayudar a la econom\u00eda familiar.<\/p>\n<p>&nbsp;<\/p>\n<p>Tras un conflicto legal, se acord\u00f3 que desde 2025 ese IVA ser\u00e1 un costo definitivo para las aseguradoras, mientras que se otorg\u00f3 un esquema de autocorrecci\u00f3n fiscal para a\u00f1os anteriores. Ruiz Durazo se\u00f1al\u00f3 que este cambio provocar\u00e1 incrementos en las primas de entre 20 y 35 por ciento, dependiendo del tipo de seguro.<\/p>\n<p>&nbsp;<\/p>\n<p>\u201cEl IVA siempre lo paga el consumidor final, y este ajuste no ayuda a la econom\u00eda familiar\u201d, concluy\u00f3.<\/p>\n<p>&nbsp;<\/p>\n","protected":false},"excerpt":{"rendered":"<p>Un cambio en la interpretaci\u00f3n del Servicio de Administraci\u00f3n Tributaria (SAT) sobre el acreditamiento del IVA a las aseguradoras impactar\u00e1 directamente en el costo de las primas de seguros, advirti\u00f3 Mar\u00eda Guadalupe Ruiz Durazo, presidenta del Colegio de Contadores P\u00fablicos de Sonora. &nbsp; Ru\u00edz Durazo explic\u00f3 que, a partir de 2024, el SAT determin\u00f3 que [&hellip;]<\/p>\n","protected":false},"author":2,"featured_media":241819,"comment_status":"closed","ping_status":"closed","sticky":false,"template":"","format":"standard","meta":{"footnotes":""},"categories":[12870,178],"tags":[12865,12869],"class_list":["post-241818","post","type-post","status-publish","format-standard","has-post-thumbnail","hentry","category-destacadas","category-local","tag-destacadas","tag-local"],"jetpack_featured_media_url":"https:\/\/rnoticias.com.mx\/Portal\/wp-content\/uploads\/2026\/01\/WhatsApp-Image-2025-07-29-at-12.04.33-AM.jpeg","amp_enabled":true,"_links":{"self":[{"href":"https:\/\/rnoticias.com.mx\/Portal\/wp-json\/wp\/v2\/posts\/241818","targetHints":{"allow":["GET"]}}],"collection":[{"href":"https:\/\/rnoticias.com.mx\/Portal\/wp-json\/wp\/v2\/posts"}],"about":[{"href":"https:\/\/rnoticias.com.mx\/Portal\/wp-json\/wp\/v2\/types\/post"}],"author":[{"embeddable":true,"href":"https:\/\/rnoticias.com.mx\/Portal\/wp-json\/wp\/v2\/users\/2"}],"replies":[{"embeddable":true,"href":"https:\/\/rnoticias.com.mx\/Portal\/wp-json\/wp\/v2\/comments?post=241818"}],"version-history":[{"count":1,"href":"https:\/\/rnoticias.com.mx\/Portal\/wp-json\/wp\/v2\/posts\/241818\/revisions"}],"predecessor-version":[{"id":241820,"href":"https:\/\/rnoticias.com.mx\/Portal\/wp-json\/wp\/v2\/posts\/241818\/revisions\/241820"}],"wp:featuredmedia":[{"embeddable":true,"href":"https:\/\/rnoticias.com.mx\/Portal\/wp-json\/wp\/v2\/media\/241819"}],"wp:attachment":[{"href":"https:\/\/rnoticias.com.mx\/Portal\/wp-json\/wp\/v2\/media?parent=241818"}],"wp:term":[{"taxonomy":"category","embeddable":true,"href":"https:\/\/rnoticias.com.mx\/Portal\/wp-json\/wp\/v2\/categories?post=241818"},{"taxonomy":"post_tag","embeddable":true,"href":"https:\/\/rnoticias.com.mx\/Portal\/wp-json\/wp\/v2\/tags?post=241818"}],"curies":[{"name":"wp","href":"https:\/\/api.w.org\/{rel}","templated":true}]}}