{"id":241815,"date":"2026-01-20T18:11:00","date_gmt":"2026-01-21T01:11:00","guid":{"rendered":"https:\/\/rnoticias.com.mx\/Portal\/?p=241815"},"modified":"2026-01-20T18:11:00","modified_gmt":"2026-01-21T01:11:00","slug":"muere-bebe-encontrado-en-contenedor-investigan-a-presunta-madre","status":"publish","type":"post","link":"https:\/\/rnoticias.com.mx\/Portal\/2026\/01\/20\/muere-bebe-encontrado-en-contenedor-investigan-a-presunta-madre\/","title":{"rendered":"\ufeffMuere beb\u00e9 encontrado en contenedor, investigan a presunta madre"},"content":{"rendered":"<p>Durante la ma\u00f1ana de este martes 20 de enero,\u00a0<b>trascendi\u00f3 la muerte del<a href=\"https:\/\/www.meganoticias.mx\/hermosillo\/noticia\/abandonan-a-bebe-prematuro-en-contenedor-de-basura-en-campo-agricola\/700585\" target=\"_blank\" rel=\"noopener\">\u00a0beb\u00e9 prematuro\u00a0<\/a>que fue encontrado dentro de una bolsa en un contenedor de basura en un campo agr\u00edcola ubicado en el Poblado Miguel Alem\u00e1n<\/b>, el menor fue localizado por trabajadores el campo durante la madrugada del lunes 19 de enero, los cuales lo trasladaron de emergencia al nosocomio del Instituto Mexicano del Seguro Social.<\/p>\n<p>Sin embargo, pese a los esfuerzos que se emple\u00f3 por partes de m\u00e9dicos y enfermeras del Hospital Infantil del Estado de Sonora (HIES), al cual fue trasladado de emergencia desde el Hospital del IMSS en el Poblado Miguel Alem\u00e1n, este\u00a0<b>falleci\u00f3 a las 7:15 horas de este martes.<\/b><\/p>\n<p>Por su parte la Fiscal\u00eda General de Justicia del Estado (FGJE) confirm\u00f3 que\u00a0<b>se tiene localizada a la presunta madre del beb\u00e9<\/b>\u00a0de 32 semanas, a la cual\u00a0<b>se le realizar\u00e1n pruebas gen\u00e9ticas para establecer si el peque\u00f1o era producto del embarazo que ten\u00eda.<\/b><\/p>\n<p>La Fiscal\u00eda de Sonora confirm\u00f3 que actualmente la mujer, de la cual se desconoce su edad,<b>\u00a0se encuentra recibiendo atenci\u00f3n m\u00e9dica en un hospital p\u00fablico de la Costa de Hermosillo.<\/b><\/p>\n<p>Adicionalmente se indic\u00f3 que\u00a0<b>la Vicefiscal de Feminicidios y Delitos por Razones de G\u00e9nero, Rosario S\u00e1nchez Hurtado, se ha trasladado al Poblado Miguel Alem\u00e1n para entrevistarse con la presunta madre y as\u00ed continuar con las diligencias e investigaciones correspondientes al caso.<\/b><\/p>\n<p>Asimismo, la FGJE asegur\u00f3 que se\u00a0<b>estar\u00e1 informando a la poblaci\u00f3n sobre este caso<\/b>\u00a0que ha dejado conmocionada a la poblaci\u00f3n, pues en estos momentos se mantiene la investigaci\u00f3n.<\/p>\n","protected":false},"excerpt":{"rendered":"<p>Durante la ma\u00f1ana de este martes 20 de enero,\u00a0trascendi\u00f3 la muerte del\u00a0beb\u00e9 prematuro\u00a0que fue encontrado dentro de una bolsa en un contenedor de basura en un campo agr\u00edcola ubicado en el Poblado Miguel Alem\u00e1n, el menor fue localizado por trabajadores el campo durante la madrugada del lunes 19 de enero, los cuales lo trasladaron de [&hellip;]<\/p>\n","protected":false},"author":2,"featured_media":241816,"comment_status":"closed","ping_status":"closed","sticky":false,"template":"","format":"standard","meta":{"footnotes":""},"categories":[12870,178],"tags":[12865,12869],"class_list":["post-241815","post","type-post","status-publish","format-standard","has-post-thumbnail","hentry","category-destacadas","category-local","tag-destacadas","tag-local"],"jetpack_featured_media_url":"https:\/\/rnoticias.com.mx\/Portal\/wp-content\/uploads\/2026\/01\/muere-bebe-encontrado-en-contenedor-investigan-a-presunta-madre-700827.jpg","amp_enabled":true,"_links":{"self":[{"href":"https:\/\/rnoticias.com.mx\/Portal\/wp-json\/wp\/v2\/posts\/241815","targetHints":{"allow":["GET"]}}],"collection":[{"href":"https:\/\/rnoticias.com.mx\/Portal\/wp-json\/wp\/v2\/posts"}],"about":[{"href":"https:\/\/rnoticias.com.mx\/Portal\/wp-json\/wp\/v2\/types\/post"}],"author":[{"embeddable":true,"href":"https:\/\/rnoticias.com.mx\/Portal\/wp-json\/wp\/v2\/users\/2"}],"replies":[{"embeddable":true,"href":"https:\/\/rnoticias.com.mx\/Portal\/wp-json\/wp\/v2\/comments?post=241815"}],"version-history":[{"count":1,"href":"https:\/\/rnoticias.com.mx\/Portal\/wp-json\/wp\/v2\/posts\/241815\/revisions"}],"predecessor-version":[{"id":241817,"href":"https:\/\/rnoticias.com.mx\/Portal\/wp-json\/wp\/v2\/posts\/241815\/revisions\/241817"}],"wp:featuredmedia":[{"embeddable":true,"href":"https:\/\/rnoticias.com.mx\/Portal\/wp-json\/wp\/v2\/media\/241816"}],"wp:attachment":[{"href":"https:\/\/rnoticias.com.mx\/Portal\/wp-json\/wp\/v2\/media?parent=241815"}],"wp:term":[{"taxonomy":"category","embeddable":true,"href":"https:\/\/rnoticias.com.mx\/Portal\/wp-json\/wp\/v2\/categories?post=241815"},{"taxonomy":"post_tag","embeddable":true,"href":"https:\/\/rnoticias.com.mx\/Portal\/wp-json\/wp\/v2\/tags?post=241815"}],"curies":[{"name":"wp","href":"https:\/\/api.w.org\/{rel}","templated":true}]}}