{"id":241806,"date":"2026-01-20T18:02:46","date_gmt":"2026-01-21T01:02:46","guid":{"rendered":"https:\/\/rnoticias.com.mx\/Portal\/?p=241806"},"modified":"2026-01-20T18:02:46","modified_gmt":"2026-01-21T01:02:46","slug":"gobernador-durazo-impulsa-la-cuarta-unidad-de-neurodesarrollo-en-sonora-en-beneficio-de-miles-de-pacientes","status":"publish","type":"post","link":"https:\/\/rnoticias.com.mx\/Portal\/2026\/01\/20\/gobernador-durazo-impulsa-la-cuarta-unidad-de-neurodesarrollo-en-sonora-en-beneficio-de-miles-de-pacientes\/","title":{"rendered":"Gobernador Durazo impulsa la cuarta Unidad de Neurodesarrollo en Sonora en beneficio de miles de pacientes"},"content":{"rendered":"<p>Hermosillo, Sonora; 20 de enero de 2026.- Con el objetivo de ampliar y fortalecer los servicios p\u00fablicos de salud dirigidos a la atenci\u00f3n integral de personas con autismo y otros trastornos del neurodesarrollo, se crea una nueva Unidad de Especialidades en Neurodesarrollo (UEN) en Hermosillo, por parte del gobernador Alfonso Durazo Monta\u00f1o, la cual representa un avance significativo para el tratamiento y detecci\u00f3n temprana.<\/p>\n<p>El mandatario estatal recorri\u00f3 la Unidad de Especialidades en Neurodesarrollo que se encuentra al 95 por ciento de avance en su primera etapa, proyecto que cont\u00f3 con una inversi\u00f3n de total de 22 millones 800 mil pesos, y que brindar\u00e1 servicios de salud p\u00fablica y gratuita a mil 290 pacientes con autismo y otras condiciones del neurodesarrollo. Al momento se cuenta con unidades en Navojoa, Nogales, Empalme y Hermosillo, lo que ha permitido que en esta administraci\u00f3n creciera la atenci\u00f3n de servicios de neurodesarrollo en un 40 por ciento.<\/p>\n<p>Durante la visita de supervisi\u00f3n, el gobernador mencion\u00f3 que esta unidad forma parte de la red estatal de atenci\u00f3n especializada, cuyo objetivo es garantizar la detecci\u00f3n temprana y oportuna, el diagn\u00f3stico y la intervenci\u00f3n interdisciplinaria en condiciones como el trastorno del espectro autista, s\u00edndrome de Down, trastornos del lenguaje, y otros trastornos del neurodesarrollo, brindando atenci\u00f3n p\u00fablica y gratuita a las familias sonorenses.<\/p>\n<p>\u201cEs una instalaci\u00f3n que ser\u00e1 el doble, eventualmente el triple de la unidad que ya tenemos en funcionamiento. Le estamos dando la mayor relevancia posible a la atenci\u00f3n del neurodesarrollo, y en estas instalaciones que pr\u00e1cticamente estaban abandonadas, estamos haciendo una inversi\u00f3n de 22.8 millones de pesos para instalar esta segunda unidad de especialidades en neurodesarrollo\u201d, indic\u00f3.<\/p>\n<p>LA UEN Hermosillo reanudar\u00e1 sus actividades en un inmueble asignado por los Servicios de Salud de Sonora, que anteriormente era conocido como el Albergue Luz Valencia, ubicado sobre el bulevar Luis Encinas Johnson, en la colonia San Benito, el cual cuenta con una superficie total de mil 513.81 metros cuadrados, lo que permite disponer de espacios adecuados y suficientes para la atenci\u00f3n cl\u00ednica, terap\u00e9utica y administrativa, as\u00ed como para el desarrollo de actividades de evaluaci\u00f3n seguimiento y orientaci\u00f3n familiar.<\/p>\n<p>En agosto de 2023 se abri\u00f3 el servicio de la UEN en Hermosillo, y desde entonces se han brindado 22 mil servicios gratuitos, consistentes en consulta m\u00e9dica especializada, detecci\u00f3n, diagn\u00f3stico, terapia integral, medicina especializada en gen\u00e9tica y nutrici\u00f3n, con un impacto en la capital de Hermosillo en mil 624 usuarios. Actualmente se cuenta con mil 290 pacientes activos con un rango de edades de entre 0 y 50 a\u00f1os.<\/p>\n<p>Al finalizar la actual administraci\u00f3n, se tiene contemplado contar con 11 Unidades de Especialidades en Neurodesarrollo, entre ellas en Puerto Pe\u00f1asco, Caborca y San Luis R\u00edo Colorado.<\/p>\n<p>Estuvieron presentes: Jos\u00e9 Luis Alom\u00eda Zegarra, secretario de Salud P\u00fablica; Natalia Navarro Laguna, directora general de atenci\u00f3n al Neurodesarrollo; y Jes\u00fas Fernando Bonillas, encargado de despacho de la direcci\u00f3n general de Infraestructura F\u00edsica.<\/p>\n","protected":false},"excerpt":{"rendered":"<p>Hermosillo, Sonora; 20 de enero de 2026.- Con el objetivo de ampliar y fortalecer los servicios p\u00fablicos de salud dirigidos a la atenci\u00f3n integral de personas con autismo y otros trastornos del neurodesarrollo, se crea una nueva Unidad de Especialidades en Neurodesarrollo (UEN) en Hermosillo, por parte del gobernador Alfonso Durazo Monta\u00f1o, la cual representa [&hellip;]<\/p>\n","protected":false},"author":2,"featured_media":241807,"comment_status":"closed","ping_status":"closed","sticky":false,"template":"","format":"standard","meta":{"footnotes":""},"categories":[12870,178],"tags":[12865,12869],"class_list":["post-241806","post","type-post","status-publish","format-standard","has-post-thumbnail","hentry","category-destacadas","category-local","tag-destacadas","tag-local"],"jetpack_featured_media_url":"https:\/\/rnoticias.com.mx\/Portal\/wp-content\/uploads\/2026\/01\/unnamed-46.jpg","amp_enabled":true,"_links":{"self":[{"href":"https:\/\/rnoticias.com.mx\/Portal\/wp-json\/wp\/v2\/posts\/241806","targetHints":{"allow":["GET"]}}],"collection":[{"href":"https:\/\/rnoticias.com.mx\/Portal\/wp-json\/wp\/v2\/posts"}],"about":[{"href":"https:\/\/rnoticias.com.mx\/Portal\/wp-json\/wp\/v2\/types\/post"}],"author":[{"embeddable":true,"href":"https:\/\/rnoticias.com.mx\/Portal\/wp-json\/wp\/v2\/users\/2"}],"replies":[{"embeddable":true,"href":"https:\/\/rnoticias.com.mx\/Portal\/wp-json\/wp\/v2\/comments?post=241806"}],"version-history":[{"count":1,"href":"https:\/\/rnoticias.com.mx\/Portal\/wp-json\/wp\/v2\/posts\/241806\/revisions"}],"predecessor-version":[{"id":241808,"href":"https:\/\/rnoticias.com.mx\/Portal\/wp-json\/wp\/v2\/posts\/241806\/revisions\/241808"}],"wp:featuredmedia":[{"embeddable":true,"href":"https:\/\/rnoticias.com.mx\/Portal\/wp-json\/wp\/v2\/media\/241807"}],"wp:attachment":[{"href":"https:\/\/rnoticias.com.mx\/Portal\/wp-json\/wp\/v2\/media?parent=241806"}],"wp:term":[{"taxonomy":"category","embeddable":true,"href":"https:\/\/rnoticias.com.mx\/Portal\/wp-json\/wp\/v2\/categories?post=241806"},{"taxonomy":"post_tag","embeddable":true,"href":"https:\/\/rnoticias.com.mx\/Portal\/wp-json\/wp\/v2\/tags?post=241806"}],"curies":[{"name":"wp","href":"https:\/\/api.w.org\/{rel}","templated":true}]}}