{"id":241659,"date":"2026-01-19T16:48:15","date_gmt":"2026-01-19T23:48:15","guid":{"rendered":"https:\/\/rnoticias.com.mx\/Portal\/?p=241659"},"modified":"2026-01-19T16:48:15","modified_gmt":"2026-01-19T23:48:15","slug":"buscan-voluntarios-para-correr-por-ninos-en-cdmx","status":"publish","type":"post","link":"https:\/\/rnoticias.com.mx\/Portal\/2026\/01\/19\/buscan-voluntarios-para-correr-por-ninos-en-cdmx\/","title":{"rendered":"Buscan voluntarios para correr por ni\u00f1os en CDMX"},"content":{"rendered":"<p>Con la esperanza de abrir m\u00e1s caminos de apoyo para ni\u00f1as y ni\u00f1os que enfrentan enfermedades raras y c\u00e1ncer, una madre de familia hermosillense, hizo un llamado solidario para participar en una carrera con causa que se realizar\u00e1 el 31 de enero en la Ciudad de M\u00e9xico.<\/p>\n<p>&nbsp;<\/p>\n<p>Adriana Manjarrez, mam\u00e1 de Marko y quien padece del sindrome CTNNB1, comparti\u00f3 que esta actividad busca beneficiar a menores con ese s\u00edntoma, a trav\u00e9s de la asociaci\u00f3n civil El Avi\u00f3n de los Sue\u00f1os, que brinda ayuda con medicamentos, equipos m\u00e9dicos y traslados para tratamientos especializados.<\/p>\n<p>&nbsp;<\/p>\n<p>\u201cYa tenemos un espacio apartado, tengo que decirlo, Luis el pap\u00e1 de Roberta, una ni\u00f1a que tiene s\u00edndrome CTN-NB1 de la Ciudad de M\u00e9xico,\u00a0va a participar y a\u00fan nos falta conseguir otra persona que pueda correr en esta carrera a beneficio\u00a0de la asociaci\u00f3n. As\u00ed que estamos buscando gente que resida all\u00e1. Yo creo que es lo m\u00e1s f\u00e1cil,\u00a0pero digo, si alguien de Sonora tambi\u00e9n quisiera participar en esta carrera, viajar a la Ciudad de\u00a0M\u00e9xico va a ser el 31 de enero\u201d, argument\u00f3.<\/p>\n<p>&nbsp;<\/p>\n<p>Manifest\u00f3, que la carrera es organizada por GNP, otorgar\u00e1 lugares gratuitos a quienes corran en nombre de estos menores y para mayores informes, pueden enviar mensaje al whatsapp: 6621 447707.<\/p>\n<p>&nbsp;<\/p>\n","protected":false},"excerpt":{"rendered":"<p>Con la esperanza de abrir m\u00e1s caminos de apoyo para ni\u00f1as y ni\u00f1os que enfrentan enfermedades raras y c\u00e1ncer, una madre de familia hermosillense, hizo un llamado solidario para participar en una carrera con causa que se realizar\u00e1 el 31 de enero en la Ciudad de M\u00e9xico. &nbsp; Adriana Manjarrez, mam\u00e1 de Marko y quien [&hellip;]<\/p>\n","protected":false},"author":2,"featured_media":241660,"comment_status":"closed","ping_status":"closed","sticky":false,"template":"","format":"standard","meta":{"footnotes":""},"categories":[12870,178],"tags":[12865,12869],"class_list":["post-241659","post","type-post","status-publish","format-standard","has-post-thumbnail","hentry","category-destacadas","category-local","tag-destacadas","tag-local"],"jetpack_featured_media_url":"https:\/\/rnoticias.com.mx\/Portal\/wp-content\/uploads\/2026\/01\/644ed95652b43931335849.jpg","amp_enabled":true,"_links":{"self":[{"href":"https:\/\/rnoticias.com.mx\/Portal\/wp-json\/wp\/v2\/posts\/241659","targetHints":{"allow":["GET"]}}],"collection":[{"href":"https:\/\/rnoticias.com.mx\/Portal\/wp-json\/wp\/v2\/posts"}],"about":[{"href":"https:\/\/rnoticias.com.mx\/Portal\/wp-json\/wp\/v2\/types\/post"}],"author":[{"embeddable":true,"href":"https:\/\/rnoticias.com.mx\/Portal\/wp-json\/wp\/v2\/users\/2"}],"replies":[{"embeddable":true,"href":"https:\/\/rnoticias.com.mx\/Portal\/wp-json\/wp\/v2\/comments?post=241659"}],"version-history":[{"count":1,"href":"https:\/\/rnoticias.com.mx\/Portal\/wp-json\/wp\/v2\/posts\/241659\/revisions"}],"predecessor-version":[{"id":241661,"href":"https:\/\/rnoticias.com.mx\/Portal\/wp-json\/wp\/v2\/posts\/241659\/revisions\/241661"}],"wp:featuredmedia":[{"embeddable":true,"href":"https:\/\/rnoticias.com.mx\/Portal\/wp-json\/wp\/v2\/media\/241660"}],"wp:attachment":[{"href":"https:\/\/rnoticias.com.mx\/Portal\/wp-json\/wp\/v2\/media?parent=241659"}],"wp:term":[{"taxonomy":"category","embeddable":true,"href":"https:\/\/rnoticias.com.mx\/Portal\/wp-json\/wp\/v2\/categories?post=241659"},{"taxonomy":"post_tag","embeddable":true,"href":"https:\/\/rnoticias.com.mx\/Portal\/wp-json\/wp\/v2\/tags?post=241659"}],"curies":[{"name":"wp","href":"https:\/\/api.w.org\/{rel}","templated":true}]}}