{"id":241557,"date":"2026-01-17T12:34:22","date_gmt":"2026-01-17T19:34:22","guid":{"rendered":"https:\/\/rnoticias.com.mx\/Portal\/?p=241557"},"modified":"2026-01-17T12:34:22","modified_gmt":"2026-01-17T19:34:22","slug":"presidenta-del-senado-reconoce-que-sin-consensos-no-prosperara-la-reforma-electoral","status":"publish","type":"post","link":"https:\/\/rnoticias.com.mx\/Portal\/2026\/01\/17\/presidenta-del-senado-reconoce-que-sin-consensos-no-prosperara-la-reforma-electoral\/","title":{"rendered":"Presidenta del Senado reconoce que sin consensos no prosperar\u00e1 la Reforma Electoral"},"content":{"rendered":"<p>La presidenta del Senado, Laura Itzel Castillo,<strong>\u00a0reconoci\u00f3 que sin consensos no podr\u00e1 prosperar la propuesta de la reforma electoral; esto debido al rechazo\u00a0que han externado tanto el\u00a0Partido Verde Ecologista\u00a0como el del\u00a0Trabajo.<\/strong><\/p>\n<p>Seg\u00fan Reforma\u00a0 despu\u00e9s de participar en la celebraci\u00f3n de un\u00a0Congreso Feminista, asegur\u00f3 que la reforma<strong>\u00a0\u201ctendr\u00e1 que ser\u00a0feminista\u00a0o no podr\u00e1 ser\u201d.<\/strong><\/p>\n<p><strong>\u201cLo que yo s\u00ed quisiera adelantar es que, si no hay consensos, pues no podr\u00e1 estarse desarrollando este proyecto\u201d<\/strong>, advirti\u00f3.<\/p>\n<p>En una entrevista, la\u00a0senadora Castillo\u00a0inform\u00f3 que los<strong>\u00a0operadores de\u00a0Morena\u00a0ya est\u00e1n \u201ctrabajando en los consensos\u201d.<\/strong><\/p>\n<p>La v\u00edspera, de hecho, la dirigencia del PT encabezada por el senador\u00a0<strong>Alberto Anaya\u00a0se hab\u00eda entrevistado con la secretaria de\u00a0Gobernaci\u00f3n,\u00a0Rosa Icela Rodr\u00edguez, para acercar posiciones en torno al contenido que tendr\u00e1 la reforma.<\/strong><\/p>\n<p>Sobre el tema de la Reforma, la legisladora aclar\u00f3 que el proyecto de reforma todav\u00eda no est\u00e1 listo y que, por lo tanto, todo lo dem\u00e1s ser\u00e1n especulaciones.<\/p>\n<p>A mediados de semana, Itzel Castillo sostuvo que el Gobierno no deb\u00eda dirigir las elecciones.<\/p>\n<p>&nbsp;<\/p>\n<p>Fuente: Reforma<\/p>\n","protected":false},"excerpt":{"rendered":"<p>La presidenta del Senado, Laura Itzel Castillo,\u00a0reconoci\u00f3 que sin consensos no podr\u00e1 prosperar la propuesta de la reforma electoral; esto debido al rechazo\u00a0que han externado tanto el\u00a0Partido Verde Ecologista\u00a0como el del\u00a0Trabajo. Seg\u00fan Reforma\u00a0 despu\u00e9s de participar en la celebraci\u00f3n de un\u00a0Congreso Feminista, asegur\u00f3 que la reforma\u00a0\u201ctendr\u00e1 que ser\u00a0feminista\u00a0o no podr\u00e1 ser\u201d. \u201cLo que yo s\u00ed [&hellip;]<\/p>\n","protected":false},"author":2,"featured_media":241558,"comment_status":"closed","ping_status":"closed","sticky":false,"template":"","format":"standard","meta":{"footnotes":""},"categories":[12870,12868],"tags":[12865,12879],"class_list":["post-241557","post","type-post","status-publish","format-standard","has-post-thumbnail","hentry","category-destacadas","category-politica","tag-destacadas","tag-politica"],"jetpack_featured_media_url":"https:\/\/rnoticias.com.mx\/Portal\/wp-content\/uploads\/2026\/01\/38-1.jpg","amp_enabled":true,"_links":{"self":[{"href":"https:\/\/rnoticias.com.mx\/Portal\/wp-json\/wp\/v2\/posts\/241557","targetHints":{"allow":["GET"]}}],"collection":[{"href":"https:\/\/rnoticias.com.mx\/Portal\/wp-json\/wp\/v2\/posts"}],"about":[{"href":"https:\/\/rnoticias.com.mx\/Portal\/wp-json\/wp\/v2\/types\/post"}],"author":[{"embeddable":true,"href":"https:\/\/rnoticias.com.mx\/Portal\/wp-json\/wp\/v2\/users\/2"}],"replies":[{"embeddable":true,"href":"https:\/\/rnoticias.com.mx\/Portal\/wp-json\/wp\/v2\/comments?post=241557"}],"version-history":[{"count":1,"href":"https:\/\/rnoticias.com.mx\/Portal\/wp-json\/wp\/v2\/posts\/241557\/revisions"}],"predecessor-version":[{"id":241559,"href":"https:\/\/rnoticias.com.mx\/Portal\/wp-json\/wp\/v2\/posts\/241557\/revisions\/241559"}],"wp:featuredmedia":[{"embeddable":true,"href":"https:\/\/rnoticias.com.mx\/Portal\/wp-json\/wp\/v2\/media\/241558"}],"wp:attachment":[{"href":"https:\/\/rnoticias.com.mx\/Portal\/wp-json\/wp\/v2\/media?parent=241557"}],"wp:term":[{"taxonomy":"category","embeddable":true,"href":"https:\/\/rnoticias.com.mx\/Portal\/wp-json\/wp\/v2\/categories?post=241557"},{"taxonomy":"post_tag","embeddable":true,"href":"https:\/\/rnoticias.com.mx\/Portal\/wp-json\/wp\/v2\/tags?post=241557"}],"curies":[{"name":"wp","href":"https:\/\/api.w.org\/{rel}","templated":true}]}}