{"id":241548,"date":"2026-01-17T12:31:03","date_gmt":"2026-01-17T19:31:03","guid":{"rendered":"https:\/\/rnoticias.com.mx\/Portal\/?p=241548"},"modified":"2026-01-17T12:31:03","modified_gmt":"2026-01-17T19:31:03","slug":"capacita-gobierno-de-sonora-a-universitarios-en-temas-de-seguridad-industrial-universidad-tecnologica-de-slrc","status":"publish","type":"post","link":"https:\/\/rnoticias.com.mx\/Portal\/2026\/01\/17\/capacita-gobierno-de-sonora-a-universitarios-en-temas-de-seguridad-industrial-universidad-tecnologica-de-slrc\/","title":{"rendered":"Capacita Gobierno de Sonora a universitarios en temas de seguridad industrial: Universidad Tecnol\u00f3gica de SLRC"},"content":{"rendered":"<p>San Luis R\u00edo Colorado, Sonora; 17 de enero de 2026.\u2013 El Gobierno de Sonora, a trav\u00e9s de la Universidad Tecnol\u00f3gica de San Luis R\u00edo Colorado (Utslrc), llev\u00f3 a cabo el Curso de Seguridad en Corte y Soldadura, dirigido a alumnos y docentes de la carrera de Ingenier\u00eda en Mecatr\u00f3nica, con el objetivo de reforzar conocimientos fundamentales para la realizaci\u00f3n de estas actividades conforme a la normativa vigente.<\/p>\n<p>Este tipo de cursos refrendan el compromiso de la instituci\u00f3n por garantizar entornos de aprendizaje seguros, brindando herramientas a la comunidad estudiantil que fortalezcan su formaci\u00f3n t\u00e9cnica y profesional.<\/p>\n<p>El rector de la Utslrc, Jos\u00e9 Arturo Delgado Reza, mencion\u00f3 que la capacitaci\u00f3n fue liderada por la maestra Rubicelia Ibarra, agente capacitador externo registrada ante la Secretar\u00eda del Trabajo y Previsi\u00f3n Social (STPS).<\/p>\n<p>Detall\u00f3 que durante el curso se abordaron los principales riesgos asociados a los trabajos en caliente, el uso adecuado del Equipo de Protecci\u00f3n Personal (EPP), as\u00ed como las medidas preventivas necesarias para evitar accidentes dentro de los talleres y laboratorios de la instituci\u00f3n.<\/p>\n<p>Asimismo, las y los participantes obtuvieron su constancia DC-3, documento oficial avalado por la STPS, el cual respalda sus competencias laborales. La subdirectora de la Carrera de la Ingenier\u00eda en Mecatr\u00f3nica, Mar\u00eda Teresa Dena Aguilar, recalc\u00f3 que, con este tipo de capacitaciones, contribuyen al perfil profesional del alumnado.<\/p>\n","protected":false},"excerpt":{"rendered":"<p>San Luis R\u00edo Colorado, Sonora; 17 de enero de 2026.\u2013 El Gobierno de Sonora, a trav\u00e9s de la Universidad Tecnol\u00f3gica de San Luis R\u00edo Colorado (Utslrc), llev\u00f3 a cabo el Curso de Seguridad en Corte y Soldadura, dirigido a alumnos y docentes de la carrera de Ingenier\u00eda en Mecatr\u00f3nica, con el objetivo de reforzar conocimientos [&hellip;]<\/p>\n","protected":false},"author":2,"featured_media":241549,"comment_status":"closed","ping_status":"closed","sticky":false,"template":"","format":"standard","meta":{"footnotes":""},"categories":[12870,174],"tags":[12865,12873],"class_list":["post-241548","post","type-post","status-publish","format-standard","has-post-thumbnail","hentry","category-destacadas","category-estatal","tag-destacadas","tag-estatal"],"jetpack_featured_media_url":"https:\/\/rnoticias.com.mx\/Portal\/wp-content\/uploads\/2026\/01\/23-5.jpg","amp_enabled":true,"_links":{"self":[{"href":"https:\/\/rnoticias.com.mx\/Portal\/wp-json\/wp\/v2\/posts\/241548","targetHints":{"allow":["GET"]}}],"collection":[{"href":"https:\/\/rnoticias.com.mx\/Portal\/wp-json\/wp\/v2\/posts"}],"about":[{"href":"https:\/\/rnoticias.com.mx\/Portal\/wp-json\/wp\/v2\/types\/post"}],"author":[{"embeddable":true,"href":"https:\/\/rnoticias.com.mx\/Portal\/wp-json\/wp\/v2\/users\/2"}],"replies":[{"embeddable":true,"href":"https:\/\/rnoticias.com.mx\/Portal\/wp-json\/wp\/v2\/comments?post=241548"}],"version-history":[{"count":1,"href":"https:\/\/rnoticias.com.mx\/Portal\/wp-json\/wp\/v2\/posts\/241548\/revisions"}],"predecessor-version":[{"id":241550,"href":"https:\/\/rnoticias.com.mx\/Portal\/wp-json\/wp\/v2\/posts\/241548\/revisions\/241550"}],"wp:featuredmedia":[{"embeddable":true,"href":"https:\/\/rnoticias.com.mx\/Portal\/wp-json\/wp\/v2\/media\/241549"}],"wp:attachment":[{"href":"https:\/\/rnoticias.com.mx\/Portal\/wp-json\/wp\/v2\/media?parent=241548"}],"wp:term":[{"taxonomy":"category","embeddable":true,"href":"https:\/\/rnoticias.com.mx\/Portal\/wp-json\/wp\/v2\/categories?post=241548"},{"taxonomy":"post_tag","embeddable":true,"href":"https:\/\/rnoticias.com.mx\/Portal\/wp-json\/wp\/v2\/tags?post=241548"}],"curies":[{"name":"wp","href":"https:\/\/api.w.org\/{rel}","templated":true}]}}