{"id":241533,"date":"2026-01-17T12:17:38","date_gmt":"2026-01-17T19:17:38","guid":{"rendered":"https:\/\/rnoticias.com.mx\/Portal\/?p=241533"},"modified":"2026-01-17T12:17:38","modified_gmt":"2026-01-17T19:17:38","slug":"destaca-gobierno-de-sonora-a-nivel-nacional-en-certificacion-de-competencias-profesionales-uts","status":"publish","type":"post","link":"https:\/\/rnoticias.com.mx\/Portal\/2026\/01\/17\/destaca-gobierno-de-sonora-a-nivel-nacional-en-certificacion-de-competencias-profesionales-uts\/","title":{"rendered":"Destaca Gobierno de Sonora a nivel nacional en certificaci\u00f3n de competencias profesionales: UTS"},"content":{"rendered":"<p>Cajeme, Sonora; 17 de enero de 2026.- La Universidad Tecnol\u00f3gica del Sur de Sonora (UTS) llev\u00f3 a cabo la Primera Ceremonia de Entrega de Certificados de Competencia del Primer Ciclo de Formaci\u00f3n Profesional, correspondiente a los tres cuatrimestres iniciales, como parte de la implementaci\u00f3n del Nuevo Modelo Educativo de las Universidades del Subsistema Tecnol\u00f3gico.<\/p>\n<p>Con este acto acad\u00e9mico, la UTS se consolida como la primera universidad a nivel nacional en realizar una ceremonia de entrega de estos certificados, alineada a la estrategia educativa que impulsa la Direcci\u00f3n General de Universidades Tecnol\u00f3gicas y Polit\u00e9cnicas (Dgutyp).<\/p>\n<p>Durante su mensaje, el rector de la UTS, Sergio Pablo Mariscal Alvarado, destac\u00f3 que esta acci\u00f3n forma parte del Plan M\u00e9xico y del Plan Sonora, impulsados por la presidenta Claudia Sheinbaum y el gobernador Alfonso Durazo, respectivamente.<\/p>\n<p>Se\u00f1al\u00f3 que estos certificados fortalecen las competencias profesionales que las y los estudiantes adquieren en la instituci\u00f3n, la cual se distingue por ofrecer una educaci\u00f3n de calidad, pertinente y orientada al desarrollo integral de sus estudiantes.<\/p>\n<p>En esta primera entrega, las y los estudiantes recibieron su Certificado de Competencia en el nivel que establece el Marco Nacional de Cualificaciones como Tecn\u00f3logos en Gesti\u00f3n Comercial Estrat\u00e9gica, Gesti\u00f3n de Mantenimiento Industrial, Desarrollo de Software, Supervisi\u00f3n de Sistemas Automatizados, Manufactura Aeron\u00e1utica Sustentable y Gesti\u00f3n Integrada de Calidad y Producci\u00f3n para la Ingenier\u00eda Industrial, acreditando formalmente los conocimientos y habilidades adquiridos durante su primer ciclo de formaci\u00f3n profesional.<\/p>\n","protected":false},"excerpt":{"rendered":"<p>Cajeme, Sonora; 17 de enero de 2026.- La Universidad Tecnol\u00f3gica del Sur de Sonora (UTS) llev\u00f3 a cabo la Primera Ceremonia de Entrega de Certificados de Competencia del Primer Ciclo de Formaci\u00f3n Profesional, correspondiente a los tres cuatrimestres iniciales, como parte de la implementaci\u00f3n del Nuevo Modelo Educativo de las Universidades del Subsistema Tecnol\u00f3gico. Con [&hellip;]<\/p>\n","protected":false},"author":2,"featured_media":241534,"comment_status":"closed","ping_status":"closed","sticky":false,"template":"","format":"standard","meta":{"footnotes":""},"categories":[174],"tags":[12873],"class_list":["post-241533","post","type-post","status-publish","format-standard","has-post-thumbnail","hentry","category-estatal","tag-estatal"],"jetpack_featured_media_url":"https:\/\/rnoticias.com.mx\/Portal\/wp-content\/uploads\/2026\/01\/90-2.jpg","amp_enabled":true,"_links":{"self":[{"href":"https:\/\/rnoticias.com.mx\/Portal\/wp-json\/wp\/v2\/posts\/241533","targetHints":{"allow":["GET"]}}],"collection":[{"href":"https:\/\/rnoticias.com.mx\/Portal\/wp-json\/wp\/v2\/posts"}],"about":[{"href":"https:\/\/rnoticias.com.mx\/Portal\/wp-json\/wp\/v2\/types\/post"}],"author":[{"embeddable":true,"href":"https:\/\/rnoticias.com.mx\/Portal\/wp-json\/wp\/v2\/users\/2"}],"replies":[{"embeddable":true,"href":"https:\/\/rnoticias.com.mx\/Portal\/wp-json\/wp\/v2\/comments?post=241533"}],"version-history":[{"count":1,"href":"https:\/\/rnoticias.com.mx\/Portal\/wp-json\/wp\/v2\/posts\/241533\/revisions"}],"predecessor-version":[{"id":241535,"href":"https:\/\/rnoticias.com.mx\/Portal\/wp-json\/wp\/v2\/posts\/241533\/revisions\/241535"}],"wp:featuredmedia":[{"embeddable":true,"href":"https:\/\/rnoticias.com.mx\/Portal\/wp-json\/wp\/v2\/media\/241534"}],"wp:attachment":[{"href":"https:\/\/rnoticias.com.mx\/Portal\/wp-json\/wp\/v2\/media?parent=241533"}],"wp:term":[{"taxonomy":"category","embeddable":true,"href":"https:\/\/rnoticias.com.mx\/Portal\/wp-json\/wp\/v2\/categories?post=241533"},{"taxonomy":"post_tag","embeddable":true,"href":"https:\/\/rnoticias.com.mx\/Portal\/wp-json\/wp\/v2\/tags?post=241533"}],"curies":[{"name":"wp","href":"https:\/\/api.w.org\/{rel}","templated":true}]}}