{"id":241521,"date":"2026-01-17T12:10:30","date_gmt":"2026-01-17T19:10:30","guid":{"rendered":"https:\/\/rnoticias.com.mx\/Portal\/?p=241521"},"modified":"2026-01-17T12:10:30","modified_gmt":"2026-01-17T19:10:30","slug":"gobierno-de-sonora-lanza-convocatoria-del-programa-dif-pilares-2026-para-fortalecer-centros-de-desarrollo-comunitario","status":"publish","type":"post","link":"https:\/\/rnoticias.com.mx\/Portal\/2026\/01\/17\/gobierno-de-sonora-lanza-convocatoria-del-programa-dif-pilares-2026-para-fortalecer-centros-de-desarrollo-comunitario\/","title":{"rendered":"Gobierno de Sonora lanza convocatoria del Programa DIF Pilares 2026 para fortalecer Centros de Desarrollo Comunitario"},"content":{"rendered":"<p>Hermosillo, Sonora; 17 de enero de 2026.\u2013 Como parte de la pol\u00edtica social impulsada por el gobernador Alfonso Durazo, orientada a reducir las desigualdades y fortalecer el tejido social en las comunidades, el Sistema DIF Sonora public\u00f3 la Convocatoria del Programa de Centros de Desarrollo Comunitario DIF Pilares 2026, dirigida a Sistemas Municipales DIF e instituciones p\u00fablicas con presencia en el estado.<\/p>\n<p>El Gobierno de Sonora impulsa este programa como parte de la Estrategia Integral de Asistencia Social, Alimentaci\u00f3n y Desarrollo Comunitario, con la finalidad de ofrecer una red de servicios a la comunidad que convoque a la participaci\u00f3n ciudadana y represente una oportunidad para mejorar el bienestar de las y los habitantes de localidades, barrios y zonas de atenci\u00f3n prioritaria.<\/p>\n<p>La directora general de DIF Sonora, Lizeth V\u00e1squez Ochoa, destac\u00f3 que los Centros de Desarrollo Comunitario DIF Pilares impulsan procesos de organizaci\u00f3n, participaci\u00f3n y autodesarrollo, fortaleciendo el bienestar de la poblaci\u00f3n a trav\u00e9s de una red de servicios que promueve la autonom\u00eda, la econom\u00eda, la educaci\u00f3n, el deporte y la cultura.<\/p>\n<p>V\u00e1squez Ochoa reiter\u00f3 que una pol\u00edtica social s\u00f3lida se construye desde las comunidades, con programas que no solo atienden necesidades inmediatas, sino que generan condiciones para un desarrollo sostenible y con justicia social en todo el estado.<\/p>\n<p>Este programa, creado en 2024 e incorporado a la Estrategia Integral de Asistencia Social, Alimentaci\u00f3n y Desarrollo Comunitario del Gobierno de la presidenta Claudia Sheinbaum, tiene como objetivo consolidar una red de servicios comunitarios que promuevan la participaci\u00f3n ciudadana y el bienestar integral de la poblaci\u00f3n, especialmente en zonas de atenci\u00f3n prioritaria.<\/p>\n<p>La convocatoria est\u00e1 dirigida a Sistemas Municipales DIF, dependencias y organismos del Gobierno del Estado, dependencias federales con residencia en Sonora que cuenten con Centros de Desarrollo Comunitario y deseen participar en la modalidad de revitalizaci\u00f3n de espacios en la l\u00ednea de acci\u00f3n de equipamiento.<\/p>\n<p>El registro permanecer\u00e1 abierto del 15 al 22 de enero de 2026 y deber\u00e1 realizarse enviando la documentaci\u00f3n correspondiente al correo electr\u00f3nico\u00a0<a href=\"mailto:cdc.pilares.difson@gmail.com\" target=\"_blank\" rel=\"noopener\">cdc.pilares.difson@gmail.com<\/a>. La convocatoria puede consultarse en el portal oficial\u00a0<a href=\"https:\/\/dif.sonora.gob.mx\/\" target=\"_blank\" rel=\"noopener\" data-saferedirecturl=\"https:\/\/www.google.com\/url?q=https:\/\/dif.sonora.gob.mx&amp;source=gmail&amp;ust=1768762161495000&amp;usg=AOvVaw3uV2qqPd0ARgByhYXLhjSj\">https:\/\/dif.sonora.gob.mx<\/a>\u00a0y los resultados ser\u00e1n publicados el 27 de enero en dicho sitio.<\/p>\n","protected":false},"excerpt":{"rendered":"<p>Hermosillo, Sonora; 17 de enero de 2026.\u2013 Como parte de la pol\u00edtica social impulsada por el gobernador Alfonso Durazo, orientada a reducir las desigualdades y fortalecer el tejido social en las comunidades, el Sistema DIF Sonora public\u00f3 la Convocatoria del Programa de Centros de Desarrollo Comunitario DIF Pilares 2026, dirigida a Sistemas Municipales DIF e [&hellip;]<\/p>\n","protected":false},"author":2,"featured_media":241522,"comment_status":"closed","ping_status":"closed","sticky":false,"template":"","format":"standard","meta":{"footnotes":""},"categories":[12870,178],"tags":[12865,12869],"class_list":["post-241521","post","type-post","status-publish","format-standard","has-post-thumbnail","hentry","category-destacadas","category-local","tag-destacadas","tag-local"],"jetpack_featured_media_url":"https:\/\/rnoticias.com.mx\/Portal\/wp-content\/uploads\/2026\/01\/35.jpg","amp_enabled":true,"_links":{"self":[{"href":"https:\/\/rnoticias.com.mx\/Portal\/wp-json\/wp\/v2\/posts\/241521","targetHints":{"allow":["GET"]}}],"collection":[{"href":"https:\/\/rnoticias.com.mx\/Portal\/wp-json\/wp\/v2\/posts"}],"about":[{"href":"https:\/\/rnoticias.com.mx\/Portal\/wp-json\/wp\/v2\/types\/post"}],"author":[{"embeddable":true,"href":"https:\/\/rnoticias.com.mx\/Portal\/wp-json\/wp\/v2\/users\/2"}],"replies":[{"embeddable":true,"href":"https:\/\/rnoticias.com.mx\/Portal\/wp-json\/wp\/v2\/comments?post=241521"}],"version-history":[{"count":1,"href":"https:\/\/rnoticias.com.mx\/Portal\/wp-json\/wp\/v2\/posts\/241521\/revisions"}],"predecessor-version":[{"id":241523,"href":"https:\/\/rnoticias.com.mx\/Portal\/wp-json\/wp\/v2\/posts\/241521\/revisions\/241523"}],"wp:featuredmedia":[{"embeddable":true,"href":"https:\/\/rnoticias.com.mx\/Portal\/wp-json\/wp\/v2\/media\/241522"}],"wp:attachment":[{"href":"https:\/\/rnoticias.com.mx\/Portal\/wp-json\/wp\/v2\/media?parent=241521"}],"wp:term":[{"taxonomy":"category","embeddable":true,"href":"https:\/\/rnoticias.com.mx\/Portal\/wp-json\/wp\/v2\/categories?post=241521"},{"taxonomy":"post_tag","embeddable":true,"href":"https:\/\/rnoticias.com.mx\/Portal\/wp-json\/wp\/v2\/tags?post=241521"}],"curies":[{"name":"wp","href":"https:\/\/api.w.org\/{rel}","templated":true}]}}