{"id":241509,"date":"2026-01-17T12:02:10","date_gmt":"2026-01-17T19:02:10","guid":{"rendered":"https:\/\/rnoticias.com.mx\/Portal\/?p=241509"},"modified":"2026-01-17T12:02:10","modified_gmt":"2026-01-17T19:02:10","slug":"alejandra-valencia-a-punto-de-iniciar-la-temporada-2026","status":"publish","type":"post","link":"https:\/\/rnoticias.com.mx\/Portal\/2026\/01\/17\/alejandra-valencia-a-punto-de-iniciar-la-temporada-2026\/","title":{"rendered":"Alejandra Valencia a punto de iniciar la temporada 2026"},"content":{"rendered":"<p>Hermosillo, Sonora, 17 de enero del 2026.- La arquera ol\u00edmpica sonorense Alejandra Valencia iniciar\u00e1 muy pronto su temporada del 2026, la cual incluir\u00e1 eventos importantes, entre los que destacan las etapas de la vig\u00e9sima edici\u00f3n de la Copa del Mundo de Tiro con Arco, adem\u00e1s de los Juegos Centroamericanos y del Caribe.<\/p>\n<p>A finales de este mes de enero, la doble medallista de Juegos Ol\u00edmpicos tendr\u00e1 un campamento de una semana en Suiza, posteriormente, al concluir esa estancia, regresar\u00e1 unos d\u00edas a Hermosillo para despu\u00e9s partir, a mediados de febrero, a su primer compromiso del a\u00f1o a celebrarse en M\u00e9rida, Yucat\u00e1n, en el arranque de la Archery Indoor World Series.<\/p>\n<p>Tras culminar ese parada del serial de la modalidad bajo techo, seguir\u00e1 un selectivo nacional \u2013pendiente la sede y fecha- de donde saldr\u00e1n las cuatro representantes mexicanas de arco recurvo que estar\u00e1n portando los colores de nuestro pa\u00eds en la Copa del Mundo de Arquer\u00eda Hyundai 2026, programada de abril a septiembre.<\/p>\n<p>El evento selectivo nacional es clave, pues, adem\u00e1s, las tres mejores arqueras de ese mismo proceso, llevar\u00e1n el estandarte azteca en los Juegos Centroamericanos y del Caribe que recibir\u00e1 Santo Domingo, Rep\u00fablica Dominicana, entre el 24 de julio y el 8 de agosto.<\/p>\n<p>Sobre la Copa del Mundo de Arquer\u00eda, en donde la sonorense tiene acumuladas m\u00e1s de 20 medallas en su trayectoria, la eliminatoria 2026 empezar\u00e1 en tierra azteca, ya que Puebla (7-12 abril) abrir\u00e1 las hostilidades para continuar en Shangh\u00e1i, China (5-10 mayo), despu\u00e9s vendr\u00e1 Antalya, Turqu\u00eda (9-14 junio) y el cierre ser\u00e1 en Madrid, Espa\u00f1a (7-12 julio). La Final tambi\u00e9n tendr\u00e1 lugar en suelo mexicano, con Saltillo, Coahuila, como anfitri\u00f3n, entre el 12 y 13 de septiembre.<\/p>\n","protected":false},"excerpt":{"rendered":"<p>Hermosillo, Sonora, 17 de enero del 2026.- La arquera ol\u00edmpica sonorense Alejandra Valencia iniciar\u00e1 muy pronto su temporada del 2026, la cual incluir\u00e1 eventos importantes, entre los que destacan las etapas de la vig\u00e9sima edici\u00f3n de la Copa del Mundo de Tiro con Arco, adem\u00e1s de los Juegos Centroamericanos y del Caribe. A finales de [&hellip;]<\/p>\n","protected":false},"author":2,"featured_media":241510,"comment_status":"closed","ping_status":"closed","sticky":false,"template":"","format":"standard","meta":{"footnotes":""},"categories":[188,12870],"tags":[5231,12865],"class_list":["post-241509","post","type-post","status-publish","format-standard","has-post-thumbnail","hentry","category-deportes","category-destacadas","tag-deportes","tag-destacadas"],"jetpack_featured_media_url":"https:\/\/rnoticias.com.mx\/Portal\/wp-content\/uploads\/2026\/01\/unnamed-41.jpg","amp_enabled":true,"_links":{"self":[{"href":"https:\/\/rnoticias.com.mx\/Portal\/wp-json\/wp\/v2\/posts\/241509","targetHints":{"allow":["GET"]}}],"collection":[{"href":"https:\/\/rnoticias.com.mx\/Portal\/wp-json\/wp\/v2\/posts"}],"about":[{"href":"https:\/\/rnoticias.com.mx\/Portal\/wp-json\/wp\/v2\/types\/post"}],"author":[{"embeddable":true,"href":"https:\/\/rnoticias.com.mx\/Portal\/wp-json\/wp\/v2\/users\/2"}],"replies":[{"embeddable":true,"href":"https:\/\/rnoticias.com.mx\/Portal\/wp-json\/wp\/v2\/comments?post=241509"}],"version-history":[{"count":1,"href":"https:\/\/rnoticias.com.mx\/Portal\/wp-json\/wp\/v2\/posts\/241509\/revisions"}],"predecessor-version":[{"id":241511,"href":"https:\/\/rnoticias.com.mx\/Portal\/wp-json\/wp\/v2\/posts\/241509\/revisions\/241511"}],"wp:featuredmedia":[{"embeddable":true,"href":"https:\/\/rnoticias.com.mx\/Portal\/wp-json\/wp\/v2\/media\/241510"}],"wp:attachment":[{"href":"https:\/\/rnoticias.com.mx\/Portal\/wp-json\/wp\/v2\/media?parent=241509"}],"wp:term":[{"taxonomy":"category","embeddable":true,"href":"https:\/\/rnoticias.com.mx\/Portal\/wp-json\/wp\/v2\/categories?post=241509"},{"taxonomy":"post_tag","embeddable":true,"href":"https:\/\/rnoticias.com.mx\/Portal\/wp-json\/wp\/v2\/tags?post=241509"}],"curies":[{"name":"wp","href":"https:\/\/api.w.org\/{rel}","templated":true}]}}