{"id":241481,"date":"2026-01-17T09:41:33","date_gmt":"2026-01-17T16:41:33","guid":{"rendered":"https:\/\/rnoticias.com.mx\/Portal\/?p=241481"},"modified":"2026-01-17T09:41:33","modified_gmt":"2026-01-17T16:41:33","slug":"policias-municipales-no-tienen-autoridad-para-detener-vehiculos-en-regularizacion-fea","status":"publish","type":"post","link":"https:\/\/rnoticias.com.mx\/Portal\/2026\/01\/17\/policias-municipales-no-tienen-autoridad-para-detener-vehiculos-en-regularizacion-fea\/","title":{"rendered":"\u201cPolic\u00edas municipales no tienen autoridad para detener veh\u00edculos en regularizaci\u00f3n\u201d: FEA"},"content":{"rendered":"<p>Hermosillo, Sonora. Los veh\u00edculos que se encuentran en proceso de regularizaci\u00f3n no pueden ser detenidos por polic\u00edas municipales ni estatales, confirm\u00f3 Mart\u00edn Manzo, l\u00edder del Frente Estatal de Autos (FEA).<\/p>\n<p>&nbsp;<\/p>\n<p>Manzo explic\u00f3 que \u00fanicamente las autoridades de la Coordinaci\u00f3n Ejecutiva de Verificaci\u00f3n al Comercio Exterior, as\u00ed como las instancias correspondientes en carreteras federales, est\u00e1n facultadas para realizar revisiones.<\/p>\n<p>&nbsp;<\/p>\n<p>\u201cEstas inspecciones se realizan principalmente despu\u00e9s de las casetas de cobro, donde se instalan los operativos correspondientes. El tr\u00e1nsito dentro de las ciudades y per\u00edmetros locales est\u00e1 tranquilo y no habr\u00e1 inconvenientes; los operativos se concentran en carreteras federales\u201d, aclar\u00f3.<\/p>\n<p>&nbsp;<\/p>\n<p>Ante esta situaci\u00f3n, las organizaciones protectoras del patrimonio familiar recomendaron a los propietarios de veh\u00edculos en proceso de regularizaci\u00f3n portar toda la documentaci\u00f3n en regla y contar con seguro de da\u00f1os a terceros, para evitar contratiempos durante incidentes o revisiones por parte de las autoridades competentes.<\/p>\n<p>&nbsp;<\/p>\n","protected":false},"excerpt":{"rendered":"<p>Hermosillo, Sonora. Los veh\u00edculos que se encuentran en proceso de regularizaci\u00f3n no pueden ser detenidos por polic\u00edas municipales ni estatales, confirm\u00f3 Mart\u00edn Manzo, l\u00edder del Frente Estatal de Autos (FEA). &nbsp; Manzo explic\u00f3 que \u00fanicamente las autoridades de la Coordinaci\u00f3n Ejecutiva de Verificaci\u00f3n al Comercio Exterior, as\u00ed como las instancias correspondientes en carreteras federales, est\u00e1n [&hellip;]<\/p>\n","protected":false},"author":2,"featured_media":241482,"comment_status":"closed","ping_status":"closed","sticky":false,"template":"","format":"standard","meta":{"footnotes":""},"categories":[12870,178],"tags":[12865,12869],"class_list":["post-241481","post","type-post","status-publish","format-standard","has-post-thumbnail","hentry","category-destacadas","category-local","tag-destacadas","tag-local"],"jetpack_featured_media_url":"https:\/\/rnoticias.com.mx\/Portal\/wp-content\/uploads\/2026\/01\/odepafa-scaled-1.jpg","amp_enabled":true,"_links":{"self":[{"href":"https:\/\/rnoticias.com.mx\/Portal\/wp-json\/wp\/v2\/posts\/241481","targetHints":{"allow":["GET"]}}],"collection":[{"href":"https:\/\/rnoticias.com.mx\/Portal\/wp-json\/wp\/v2\/posts"}],"about":[{"href":"https:\/\/rnoticias.com.mx\/Portal\/wp-json\/wp\/v2\/types\/post"}],"author":[{"embeddable":true,"href":"https:\/\/rnoticias.com.mx\/Portal\/wp-json\/wp\/v2\/users\/2"}],"replies":[{"embeddable":true,"href":"https:\/\/rnoticias.com.mx\/Portal\/wp-json\/wp\/v2\/comments?post=241481"}],"version-history":[{"count":1,"href":"https:\/\/rnoticias.com.mx\/Portal\/wp-json\/wp\/v2\/posts\/241481\/revisions"}],"predecessor-version":[{"id":241483,"href":"https:\/\/rnoticias.com.mx\/Portal\/wp-json\/wp\/v2\/posts\/241481\/revisions\/241483"}],"wp:featuredmedia":[{"embeddable":true,"href":"https:\/\/rnoticias.com.mx\/Portal\/wp-json\/wp\/v2\/media\/241482"}],"wp:attachment":[{"href":"https:\/\/rnoticias.com.mx\/Portal\/wp-json\/wp\/v2\/media?parent=241481"}],"wp:term":[{"taxonomy":"category","embeddable":true,"href":"https:\/\/rnoticias.com.mx\/Portal\/wp-json\/wp\/v2\/categories?post=241481"},{"taxonomy":"post_tag","embeddable":true,"href":"https:\/\/rnoticias.com.mx\/Portal\/wp-json\/wp\/v2\/tags?post=241481"}],"curies":[{"name":"wp","href":"https:\/\/api.w.org\/{rel}","templated":true}]}}