{"id":241471,"date":"2026-01-16T16:22:19","date_gmt":"2026-01-16T23:22:19","guid":{"rendered":"https:\/\/rnoticias.com.mx\/Portal\/?p=241471"},"modified":"2026-01-16T16:22:19","modified_gmt":"2026-01-16T23:22:19","slug":"invitan-a-vivir-la-experiencia-de-guardianes-del-desierto","status":"publish","type":"post","link":"https:\/\/rnoticias.com.mx\/Portal\/2026\/01\/16\/invitan-a-vivir-la-experiencia-de-guardianes-del-desierto\/","title":{"rendered":"Invitan a vivir la experiencia de Guardianes del desierto"},"content":{"rendered":"<p>Con el objetivo de fomentar el cuidado del medio ambiente desde edades tempranas, la organizaci\u00f3n Naturalmente Divertido A.C. anunci\u00f3 el inicio del programa Guardaparques del Desierto, una iniciativa educativa que combina talleres, caminatas y juegos para acercar a ni\u00f1as y ni\u00f1os al conocimiento del ecosistema urbano y silvestre que los rodea.<\/p>\n<p>&nbsp;<\/p>\n<p>Ale Colorado, integrante de Naturalmente Divertido, explic\u00f3 que el proyecto busca que las infancias aprendan de manera pr\u00e1ctica y divertida, utilizando herramientas creativas que mezclan el arte con la naturaleza, fortaleciendo as\u00ed la conciencia ambiental y el respeto por la biodiversidad del desierto.<\/p>\n<p>&nbsp;<\/p>\n<p>\u201cVamos a tener actividades durante seis meses, vamos a estar trabajando con los ni\u00f1os para ense\u00f1arles como ser Guarda Parques tanto en zonas urbanas como en silvestres. Por ejemplo, les ense\u00f1aremos todo lo que implica cuidar un parque, les hablaremos de las plantas, de los animales, de las aves\u201d, cont\u00f3.<\/p>\n<p>&nbsp;<\/p>\n<p>El programa dar\u00e1 inicio el s\u00e1bado 17 de enero a las 4:30 de la tarde en el Vivero de Plantas Nativas del Cerro Johnson. Durante las actividades, las y los participantes conocer\u00e1n la flora y fauna local, adem\u00e1s de desarrollar habilidades para su conservaci\u00f3n.<\/p>\n<p>&nbsp;<\/p>\n<p>Las inscripciones ya se encuentran abiertas para quienes deseen formar parte de esta experiencia educativa al aire libre y se pueden comunicar al tel\u00e9fono: 6621 531824.<\/p>\n","protected":false},"excerpt":{"rendered":"<p>Con el objetivo de fomentar el cuidado del medio ambiente desde edades tempranas, la organizaci\u00f3n Naturalmente Divertido A.C. anunci\u00f3 el inicio del programa Guardaparques del Desierto, una iniciativa educativa que combina talleres, caminatas y juegos para acercar a ni\u00f1as y ni\u00f1os al conocimiento del ecosistema urbano y silvestre que los rodea. &nbsp; Ale Colorado, integrante [&hellip;]<\/p>\n","protected":false},"author":2,"featured_media":241472,"comment_status":"closed","ping_status":"closed","sticky":false,"template":"","format":"standard","meta":{"footnotes":""},"categories":[12870,178],"tags":[12865,12869],"class_list":["post-241471","post","type-post","status-publish","format-standard","has-post-thumbnail","hentry","category-destacadas","category-local","tag-destacadas","tag-local"],"jetpack_featured_media_url":"https:\/\/rnoticias.com.mx\/Portal\/wp-content\/uploads\/2026\/01\/389.jpg","amp_enabled":true,"_links":{"self":[{"href":"https:\/\/rnoticias.com.mx\/Portal\/wp-json\/wp\/v2\/posts\/241471","targetHints":{"allow":["GET"]}}],"collection":[{"href":"https:\/\/rnoticias.com.mx\/Portal\/wp-json\/wp\/v2\/posts"}],"about":[{"href":"https:\/\/rnoticias.com.mx\/Portal\/wp-json\/wp\/v2\/types\/post"}],"author":[{"embeddable":true,"href":"https:\/\/rnoticias.com.mx\/Portal\/wp-json\/wp\/v2\/users\/2"}],"replies":[{"embeddable":true,"href":"https:\/\/rnoticias.com.mx\/Portal\/wp-json\/wp\/v2\/comments?post=241471"}],"version-history":[{"count":1,"href":"https:\/\/rnoticias.com.mx\/Portal\/wp-json\/wp\/v2\/posts\/241471\/revisions"}],"predecessor-version":[{"id":241473,"href":"https:\/\/rnoticias.com.mx\/Portal\/wp-json\/wp\/v2\/posts\/241471\/revisions\/241473"}],"wp:featuredmedia":[{"embeddable":true,"href":"https:\/\/rnoticias.com.mx\/Portal\/wp-json\/wp\/v2\/media\/241472"}],"wp:attachment":[{"href":"https:\/\/rnoticias.com.mx\/Portal\/wp-json\/wp\/v2\/media?parent=241471"}],"wp:term":[{"taxonomy":"category","embeddable":true,"href":"https:\/\/rnoticias.com.mx\/Portal\/wp-json\/wp\/v2\/categories?post=241471"},{"taxonomy":"post_tag","embeddable":true,"href":"https:\/\/rnoticias.com.mx\/Portal\/wp-json\/wp\/v2\/tags?post=241471"}],"curies":[{"name":"wp","href":"https:\/\/api.w.org\/{rel}","templated":true}]}}