{"id":241468,"date":"2026-01-16T16:21:39","date_gmt":"2026-01-16T23:21:39","guid":{"rendered":"https:\/\/rnoticias.com.mx\/Portal\/?p=241468"},"modified":"2026-01-16T16:21:39","modified_gmt":"2026-01-16T23:21:39","slug":"pequenos-aumentos-en-el-salario-como-afectara-el-isr-a-los-trabajadores-en-2026-ccps","status":"publish","type":"post","link":"https:\/\/rnoticias.com.mx\/Portal\/2026\/01\/16\/pequenos-aumentos-en-el-salario-como-afectara-el-isr-a-los-trabajadores-en-2026-ccps\/","title":{"rendered":"Peque\u00f1os aumentos en el salario: c\u00f3mo afectar\u00e1 el ISR a los trabajadores en 2026: CCPS"},"content":{"rendered":"<p>Hermosillo, Sonora. La actualizaci\u00f3n de las tarifas del Impuesto Sobre la Renta (ISR) para personas f\u00edsicas entrar\u00e1 en vigor este a\u00f1o y traer\u00e1 un beneficio limitado a la mayor\u00eda de los trabajadores.<\/p>\n<p>&nbsp;<\/p>\n<p>Mar\u00eda Guadalupe Ruiz Durazo, presidenta del Colegio de Contadores P\u00fablicos de Sonora, indic\u00f3 que el ajuste se realiza debido a que la inflaci\u00f3n acumulada super\u00f3 el 10%, lo que obliga legalmente a actualizar las tablas, aunque la ley en s\u00ed no sufri\u00f3 modificaciones importantes.<\/p>\n<p>&nbsp;<\/p>\n<p>\u201cPor ejemplo quienes perciban entre 12 mil y 30 mil pesos al mes podr\u00edan ver incrementos de entre 50 y 200 pesos mensuales. Adem\u00e1s, se actualiz\u00f3 el subsidio para el empleo, otorgando un cr\u00e9dito fiscal de hasta 563 pesos para trabajadores con ingresos m\u00e1s bajos\u201d, especific\u00f3.<\/p>\n<p>&nbsp;<\/p>\n<p>Ruiz Durazo explic\u00f3 que, pese a la actualizaci\u00f3n, el impacto real es m\u00ednimo y destac\u00f3 la necesidad de una reestructura m\u00e1s profunda de las tarifas, para que el salario m\u00ednimo quede completamente desgravado y el subsidio se incorpore directamente a la tabla del ISR.<\/p>\n<p>&nbsp;<\/p>\n<p>Asimismo, hizo un llamado a empleadores y contadores a mantener actualizados los sistemas de n\u00f3mina y capacitarse, pues cualquier error podr\u00eda derivar en sanciones y afectar la deducibilidad de los salarios ante el SAT.<\/p>\n<p>&nbsp;<\/p>\n<p>&nbsp;<\/p>\n","protected":false},"excerpt":{"rendered":"<p>Hermosillo, Sonora. La actualizaci\u00f3n de las tarifas del Impuesto Sobre la Renta (ISR) para personas f\u00edsicas entrar\u00e1 en vigor este a\u00f1o y traer\u00e1 un beneficio limitado a la mayor\u00eda de los trabajadores. &nbsp; Mar\u00eda Guadalupe Ruiz Durazo, presidenta del Colegio de Contadores P\u00fablicos de Sonora, indic\u00f3 que el ajuste se realiza debido a que la [&hellip;]<\/p>\n","protected":false},"author":2,"featured_media":241469,"comment_status":"closed","ping_status":"closed","sticky":false,"template":"","format":"standard","meta":{"footnotes":""},"categories":[12870,178],"tags":[12865,12869],"class_list":["post-241468","post","type-post","status-publish","format-standard","has-post-thumbnail","hentry","category-destacadas","category-local","tag-destacadas","tag-local"],"jetpack_featured_media_url":"https:\/\/rnoticias.com.mx\/Portal\/wp-content\/uploads\/2026\/01\/77-2.jpg","amp_enabled":true,"_links":{"self":[{"href":"https:\/\/rnoticias.com.mx\/Portal\/wp-json\/wp\/v2\/posts\/241468","targetHints":{"allow":["GET"]}}],"collection":[{"href":"https:\/\/rnoticias.com.mx\/Portal\/wp-json\/wp\/v2\/posts"}],"about":[{"href":"https:\/\/rnoticias.com.mx\/Portal\/wp-json\/wp\/v2\/types\/post"}],"author":[{"embeddable":true,"href":"https:\/\/rnoticias.com.mx\/Portal\/wp-json\/wp\/v2\/users\/2"}],"replies":[{"embeddable":true,"href":"https:\/\/rnoticias.com.mx\/Portal\/wp-json\/wp\/v2\/comments?post=241468"}],"version-history":[{"count":1,"href":"https:\/\/rnoticias.com.mx\/Portal\/wp-json\/wp\/v2\/posts\/241468\/revisions"}],"predecessor-version":[{"id":241470,"href":"https:\/\/rnoticias.com.mx\/Portal\/wp-json\/wp\/v2\/posts\/241468\/revisions\/241470"}],"wp:featuredmedia":[{"embeddable":true,"href":"https:\/\/rnoticias.com.mx\/Portal\/wp-json\/wp\/v2\/media\/241469"}],"wp:attachment":[{"href":"https:\/\/rnoticias.com.mx\/Portal\/wp-json\/wp\/v2\/media?parent=241468"}],"wp:term":[{"taxonomy":"category","embeddable":true,"href":"https:\/\/rnoticias.com.mx\/Portal\/wp-json\/wp\/v2\/categories?post=241468"},{"taxonomy":"post_tag","embeddable":true,"href":"https:\/\/rnoticias.com.mx\/Portal\/wp-json\/wp\/v2\/tags?post=241468"}],"curies":[{"name":"wp","href":"https:\/\/api.w.org\/{rel}","templated":true}]}}