{"id":241461,"date":"2026-01-16T16:08:29","date_gmt":"2026-01-16T23:08:29","guid":{"rendered":"https:\/\/rnoticias.com.mx\/Portal\/?p=241461"},"modified":"2026-01-16T16:08:29","modified_gmt":"2026-01-16T23:08:29","slug":"prevencion-y-educacion-claves-para-enfrentar-el-vapeo-en-jovenes-aracely-porchas","status":"publish","type":"post","link":"https:\/\/rnoticias.com.mx\/Portal\/2026\/01\/16\/prevencion-y-educacion-claves-para-enfrentar-el-vapeo-en-jovenes-aracely-porchas\/","title":{"rendered":"Prevenci\u00f3n y educaci\u00f3n, claves para enfrentar el vapeo en j\u00f3venes: Aracely Porchas"},"content":{"rendered":"<p>Hermosillo, Sonora. El aumento en el consumo de vapeadores entre adolescentes ha llevado a la creaci\u00f3n de leyes enfocadas en reducir su acceso y proteger la salud p\u00fablica.<\/p>\n<p>Seg\u00fan Aracely Porchas Celaya, psic\u00f3loga y promotora de la salud en Grameen de la Frontera, estas medidas no buscan castigar a quienes ya consumen, sino prevenir que nuevas generaciones desarrollen adicciones, especialmente porque se percibe err\u00f3neamente que estos dispositivos son menos da\u00f1inos que los cigarrillos tradicionales.<\/p>\n<p>\u201cLa informaci\u00f3n, la educaci\u00f3n y el acompa\u00f1amiento cercano son elementos fundamentales para que los j\u00f3venes comprendan los riesgos f\u00edsicos, emocionales y sociales asociados al vapeo. La legislaci\u00f3n funciona como una estrategia de prevenci\u00f3n que debe complementarse con programas educativos en escuelas y acompa\u00f1amiento familiar\u201d, declar\u00f3.<\/p>\n<p>A\u00f1adi\u00f3, que no solo se trata de prohibir, sino de escuchar a quienes consumen, explicar los riesgos sin satanizar y ense\u00f1ar a manejar estr\u00e9s y emociones de manera saludable.<\/p>\n<p>Porchas Celaya explica, que las adicciones suelen comenzar como conductas de escape, y que aprender a regular emociones disminuye la necesidad de recurrir a sustancias como la nicotina.<\/p>\n<p>\u201cLa prevenci\u00f3n es m\u00e1s efectiva en quienes a\u00fan no han iniciado el consumo. Para quienes ya vapean, es fundamental contar con apoyo profesional, alternativas saludables y espacios de di\u00e1logo donde puedan expresarse sin juicio\u201d, precis\u00f3.<\/p>\n<p>Por \u00faltimo, la especialista coment\u00f3 que el vapeo no es un juego y la prevenci\u00f3n empieza con informaci\u00f3n, acompa\u00f1amiento y cuidado de la salud mental, asegurando que los j\u00f3venes crezcan con herramientas para tomar decisiones responsables y evitar problemas mayores en el futuro.<\/p>\n<p>\u201cLa participaci\u00f3n de padres, escuelas y sociedad completa el c\u00edrculo de protecci\u00f3n necesario. Muchas personas no vapean porque lo necesitan sino porque es algo que est\u00e1 a la mano, de moda y porque adem\u00e1s se minimizan sus riesgos\u201d, finaliz\u00f3.<\/p>\n<p>&nbsp;<\/p>\n","protected":false},"excerpt":{"rendered":"<p>Hermosillo, Sonora. El aumento en el consumo de vapeadores entre adolescentes ha llevado a la creaci\u00f3n de leyes enfocadas en reducir su acceso y proteger la salud p\u00fablica. Seg\u00fan Aracely Porchas Celaya, psic\u00f3loga y promotora de la salud en Grameen de la Frontera, estas medidas no buscan castigar a quienes ya consumen, sino prevenir que [&hellip;]<\/p>\n","protected":false},"author":2,"featured_media":241462,"comment_status":"closed","ping_status":"closed","sticky":false,"template":"","format":"standard","meta":{"footnotes":""},"categories":[12870,178],"tags":[12865,12869],"class_list":["post-241461","post","type-post","status-publish","format-standard","has-post-thumbnail","hentry","category-destacadas","category-local","tag-destacadas","tag-local"],"jetpack_featured_media_url":"https:\/\/rnoticias.com.mx\/Portal\/wp-content\/uploads\/2026\/01\/45-4.jpg","amp_enabled":true,"_links":{"self":[{"href":"https:\/\/rnoticias.com.mx\/Portal\/wp-json\/wp\/v2\/posts\/241461","targetHints":{"allow":["GET"]}}],"collection":[{"href":"https:\/\/rnoticias.com.mx\/Portal\/wp-json\/wp\/v2\/posts"}],"about":[{"href":"https:\/\/rnoticias.com.mx\/Portal\/wp-json\/wp\/v2\/types\/post"}],"author":[{"embeddable":true,"href":"https:\/\/rnoticias.com.mx\/Portal\/wp-json\/wp\/v2\/users\/2"}],"replies":[{"embeddable":true,"href":"https:\/\/rnoticias.com.mx\/Portal\/wp-json\/wp\/v2\/comments?post=241461"}],"version-history":[{"count":1,"href":"https:\/\/rnoticias.com.mx\/Portal\/wp-json\/wp\/v2\/posts\/241461\/revisions"}],"predecessor-version":[{"id":241463,"href":"https:\/\/rnoticias.com.mx\/Portal\/wp-json\/wp\/v2\/posts\/241461\/revisions\/241463"}],"wp:featuredmedia":[{"embeddable":true,"href":"https:\/\/rnoticias.com.mx\/Portal\/wp-json\/wp\/v2\/media\/241462"}],"wp:attachment":[{"href":"https:\/\/rnoticias.com.mx\/Portal\/wp-json\/wp\/v2\/media?parent=241461"}],"wp:term":[{"taxonomy":"category","embeddable":true,"href":"https:\/\/rnoticias.com.mx\/Portal\/wp-json\/wp\/v2\/categories?post=241461"},{"taxonomy":"post_tag","embeddable":true,"href":"https:\/\/rnoticias.com.mx\/Portal\/wp-json\/wp\/v2\/tags?post=241461"}],"curies":[{"name":"wp","href":"https:\/\/api.w.org\/{rel}","templated":true}]}}