{"id":241458,"date":"2026-01-16T11:35:17","date_gmt":"2026-01-16T18:35:17","guid":{"rendered":"https:\/\/rnoticias.com.mx\/Portal\/?p=241458"},"modified":"2026-01-16T11:35:17","modified_gmt":"2026-01-16T18:35:17","slug":"harfuch-descarta-presencia-alarmante-del-tren-de-aragua-en-mexico","status":"publish","type":"post","link":"https:\/\/rnoticias.com.mx\/Portal\/2026\/01\/16\/harfuch-descarta-presencia-alarmante-del-tren-de-aragua-en-mexico\/","title":{"rendered":"Harfuch descarta presencia \u201calarmante\u201d del Tren de Aragua en M\u00e9xico"},"content":{"rendered":"<p>El secretario de\u00a0<strong>Seguridad y Protecci\u00f3n Ciudadana<\/strong>,\u00a0<strong>Omar Garc\u00eda Harfuch<\/strong>, asegur\u00f3 este viernes que el\u00a0<strong>Gobierno mexicano<\/strong>\u00a0no ha detectado una presencia \u201csignificativa\u201d ni \u201calarmante\u201d del grupo delictivo transnacional, conocido como el\u00a0<strong>Tren de Aragua<\/strong>, en\u00a0<strong>M\u00e9xico<\/strong>.<\/p>\n<p>Garc\u00eda Harfuch afirm\u00f3 que, a partir de la informaci\u00f3n del\u00a0<strong>gabinete de seguridad<\/strong>, el comportamiento delictivo identificado se concentra sobre 11 entidades en el centro del pa\u00eds y ha derivado en capturas recientes, sin especificar los estados con presencia de la organizaci\u00f3n criminal nacida en las c\u00e1rceles de\u00a0<strong>Venezuela<\/strong>.<\/p>\n<p>El titular de la SSPC explic\u00f3 que, si bien no se observa una expansi\u00f3n mayor, los casos atribuidos a este grupo han sido de alto impacto. \u201cHan sido delitos muy lamentables relacionados con explotaci\u00f3n sexual, feminicidio y han sido detenidos por estos\u00a0<strong>delitos<\/strong>\u201d, apunt\u00f3, al detallar que ya hay procesos judiciales en curso por capturas efectuadas en los primeros meses del actual Gobierno.<\/p>\n<p>&nbsp;<\/p>\n<p>Fuente: EFE<\/p>\n","protected":false},"excerpt":{"rendered":"<p>El secretario de\u00a0Seguridad y Protecci\u00f3n Ciudadana,\u00a0Omar Garc\u00eda Harfuch, asegur\u00f3 este viernes que el\u00a0Gobierno mexicano\u00a0no ha detectado una presencia \u201csignificativa\u201d ni \u201calarmante\u201d del grupo delictivo transnacional, conocido como el\u00a0Tren de Aragua, en\u00a0M\u00e9xico. Garc\u00eda Harfuch afirm\u00f3 que, a partir de la informaci\u00f3n del\u00a0gabinete de seguridad, el comportamiento delictivo identificado se concentra sobre 11 entidades en el centro [&hellip;]<\/p>\n","protected":false},"author":2,"featured_media":241459,"comment_status":"closed","ping_status":"closed","sticky":false,"template":"","format":"standard","meta":{"footnotes":""},"categories":[12870,172],"tags":[12865,12874],"class_list":["post-241458","post","type-post","status-publish","format-standard","has-post-thumbnail","hentry","category-destacadas","category-nacional","tag-destacadas","tag-nacional"],"jetpack_featured_media_url":"https:\/\/rnoticias.com.mx\/Portal\/wp-content\/uploads\/2026\/01\/3fd689cf282f856814646974d7d32d50.webp","amp_enabled":true,"_links":{"self":[{"href":"https:\/\/rnoticias.com.mx\/Portal\/wp-json\/wp\/v2\/posts\/241458","targetHints":{"allow":["GET"]}}],"collection":[{"href":"https:\/\/rnoticias.com.mx\/Portal\/wp-json\/wp\/v2\/posts"}],"about":[{"href":"https:\/\/rnoticias.com.mx\/Portal\/wp-json\/wp\/v2\/types\/post"}],"author":[{"embeddable":true,"href":"https:\/\/rnoticias.com.mx\/Portal\/wp-json\/wp\/v2\/users\/2"}],"replies":[{"embeddable":true,"href":"https:\/\/rnoticias.com.mx\/Portal\/wp-json\/wp\/v2\/comments?post=241458"}],"version-history":[{"count":1,"href":"https:\/\/rnoticias.com.mx\/Portal\/wp-json\/wp\/v2\/posts\/241458\/revisions"}],"predecessor-version":[{"id":241460,"href":"https:\/\/rnoticias.com.mx\/Portal\/wp-json\/wp\/v2\/posts\/241458\/revisions\/241460"}],"wp:featuredmedia":[{"embeddable":true,"href":"https:\/\/rnoticias.com.mx\/Portal\/wp-json\/wp\/v2\/media\/241459"}],"wp:attachment":[{"href":"https:\/\/rnoticias.com.mx\/Portal\/wp-json\/wp\/v2\/media?parent=241458"}],"wp:term":[{"taxonomy":"category","embeddable":true,"href":"https:\/\/rnoticias.com.mx\/Portal\/wp-json\/wp\/v2\/categories?post=241458"},{"taxonomy":"post_tag","embeddable":true,"href":"https:\/\/rnoticias.com.mx\/Portal\/wp-json\/wp\/v2\/tags?post=241458"}],"curies":[{"name":"wp","href":"https:\/\/api.w.org\/{rel}","templated":true}]}}