{"id":241445,"date":"2026-01-15T21:39:08","date_gmt":"2026-01-16T04:39:08","guid":{"rendered":"https:\/\/rnoticias.com.mx\/Portal\/?p=241445"},"modified":"2026-01-15T21:39:08","modified_gmt":"2026-01-16T04:39:08","slug":"fortalece-gobierno-de-sonora-la-educacion-inclusiva-en-preparatorias-conalep","status":"publish","type":"post","link":"https:\/\/rnoticias.com.mx\/Portal\/2026\/01\/15\/fortalece-gobierno-de-sonora-la-educacion-inclusiva-en-preparatorias-conalep\/","title":{"rendered":"Fortalece Gobierno de Sonora la educaci\u00f3n inclusiva en preparatorias: Conalep"},"content":{"rendered":"<p>Hermosillo, Sonora; 15 de enero de 2026.\u2013 Para identificar y atender de manera integral a estudiantes que enfrentan retos en su proceso educativo, el Gobierno de Sonora, a trav\u00e9s del Colegio de Educaci\u00f3n Profesional T\u00e9cnica del Estado de Sonora (Conalep) puso en marcha el curso de capacitaci\u00f3n \u201cPrograma de detecci\u00f3n, capacitaci\u00f3n e intervenci\u00f3n en estudiantes que enfrentan barreras para el aprendizaje y la participaci\u00f3n\u201d, dirigido al personal docente de sus planteles.<\/p>\n<p>La capacitaci\u00f3n, impartida por la Dra. Patricia Emilia Huerta Rivera, maestra en Educaci\u00f3n Especial y el psic\u00f3logo Jos\u00e9 Eduardo Robles Yedra, especialista en trastornos del neurodesarrollo, contempla tres \u00e1reas prioritarias: intelectual, psicolog\u00eda educativa y educaci\u00f3n especial.<\/p>\n<p>La directora general del subsistema, Luisa Cristina Rodr\u00edguez Ibarra, indic\u00f3 que la estrategia, que permitir\u00e1 fortalecer las competencias del personal docente en la atenci\u00f3n de estudiantes con diversas necesidades educativas, es implementada con base en los resultados de Prepason y la informaci\u00f3n generada por el \u00e1rea de Orientaci\u00f3n Educativa del Colegio.<\/p>\n<p>En una primera etapa, detall\u00f3, se ha capacitado al personal docente de los planteles San Luis R\u00edo Colorado, Nogales, Nacozari y Cananea, conforme a la programaci\u00f3n inicial establecida para la regi\u00f3n norte del estado.<\/p>\n<p>Asimismo, durante el presente mes de enero se capacitar\u00e1 al personal docente de los planteles Magdalena de Kino y Caborca, lo que permitir\u00e1 ampliar la cobertura del programa y fortalecer las estrategias de atenci\u00f3n a estudiantes.<\/p>\n<p>En total, se contempla la formaci\u00f3n de m\u00e1s de 174 maestras y maestros del sistema educativo, consolidando un esfuerzo orientado a garantizar la permanencia escolar y la igualdad de oportunidades en el nivel medio superior.<\/p>\n<p>Con estas acciones, el Gobierno de Sonora y Conalep reafirman su compromiso con una educaci\u00f3n inclusiva, equitativa y de calidad, que promueva el desarrollo integral, la permanencia escolar y la igualdad de oportunidades para las y los estudiantes de preparatoria.<\/p>\n","protected":false},"excerpt":{"rendered":"<p>Hermosillo, Sonora; 15 de enero de 2026.\u2013 Para identificar y atender de manera integral a estudiantes que enfrentan retos en su proceso educativo, el Gobierno de Sonora, a trav\u00e9s del Colegio de Educaci\u00f3n Profesional T\u00e9cnica del Estado de Sonora (Conalep) puso en marcha el curso de capacitaci\u00f3n \u201cPrograma de detecci\u00f3n, capacitaci\u00f3n e intervenci\u00f3n en estudiantes [&hellip;]<\/p>\n","protected":false},"author":2,"featured_media":241446,"comment_status":"closed","ping_status":"closed","sticky":false,"template":"","format":"standard","meta":{"footnotes":""},"categories":[178],"tags":[12869],"class_list":["post-241445","post","type-post","status-publish","format-standard","has-post-thumbnail","hentry","category-local","tag-local"],"jetpack_featured_media_url":"https:\/\/rnoticias.com.mx\/Portal\/wp-content\/uploads\/2026\/01\/6543.jpg","amp_enabled":true,"_links":{"self":[{"href":"https:\/\/rnoticias.com.mx\/Portal\/wp-json\/wp\/v2\/posts\/241445","targetHints":{"allow":["GET"]}}],"collection":[{"href":"https:\/\/rnoticias.com.mx\/Portal\/wp-json\/wp\/v2\/posts"}],"about":[{"href":"https:\/\/rnoticias.com.mx\/Portal\/wp-json\/wp\/v2\/types\/post"}],"author":[{"embeddable":true,"href":"https:\/\/rnoticias.com.mx\/Portal\/wp-json\/wp\/v2\/users\/2"}],"replies":[{"embeddable":true,"href":"https:\/\/rnoticias.com.mx\/Portal\/wp-json\/wp\/v2\/comments?post=241445"}],"version-history":[{"count":1,"href":"https:\/\/rnoticias.com.mx\/Portal\/wp-json\/wp\/v2\/posts\/241445\/revisions"}],"predecessor-version":[{"id":241447,"href":"https:\/\/rnoticias.com.mx\/Portal\/wp-json\/wp\/v2\/posts\/241445\/revisions\/241447"}],"wp:featuredmedia":[{"embeddable":true,"href":"https:\/\/rnoticias.com.mx\/Portal\/wp-json\/wp\/v2\/media\/241446"}],"wp:attachment":[{"href":"https:\/\/rnoticias.com.mx\/Portal\/wp-json\/wp\/v2\/media?parent=241445"}],"wp:term":[{"taxonomy":"category","embeddable":true,"href":"https:\/\/rnoticias.com.mx\/Portal\/wp-json\/wp\/v2\/categories?post=241445"},{"taxonomy":"post_tag","embeddable":true,"href":"https:\/\/rnoticias.com.mx\/Portal\/wp-json\/wp\/v2\/tags?post=241445"}],"curies":[{"name":"wp","href":"https:\/\/api.w.org\/{rel}","templated":true}]}}