{"id":241427,"date":"2026-01-15T21:29:38","date_gmt":"2026-01-16T04:29:38","guid":{"rendered":"https:\/\/rnoticias.com.mx\/Portal\/?p=241427"},"modified":"2026-01-15T21:29:38","modified_gmt":"2026-01-16T04:29:38","slug":"apoyan-a-jovenes-itama-con-jornada-de-servicios-de-salud","status":"publish","type":"post","link":"https:\/\/rnoticias.com.mx\/Portal\/2026\/01\/15\/apoyan-a-jovenes-itama-con-jornada-de-servicios-de-salud\/","title":{"rendered":"Apoyan a j\u00f3venes ITAMA con Jornada de Servicios de Salud"},"content":{"rendered":"<p>Hermosillo, Sonora; 15 de enero de 2026.- Para garantizar atenci\u00f3n m\u00e9dica preventiva a las y los j\u00f3venes que cumplen una medida de internamiento para su reinserci\u00f3n social, la Secretar\u00eda de Seguridad y Protecci\u00f3n Ciudadana (SSPC) Sonora, en coordinaci\u00f3n con autoridades del sector salud, realiz\u00f3 la primera jornada de servicios de salud del 2026.<\/p>\n<p>Como parte del derecho de acceso a la salud de la poblaci\u00f3n del Instituto de Tratamiento y de Aplicaci\u00f3n de Medidas para Adolescentes (ITAMA), se trabaja en colaboraci\u00f3n con personal del Centro de Salud Urbano \u201cEmiliano Zapata\u201d para acercar consultas orientadas a la identificaci\u00f3n de factores de riesgo.<\/p>\n<p>Entre las atenciones que recibieron las y los internos durante esta jornada destacan:<\/p>\n<p>\u2022 servicios de atenci\u00f3n m\u00e9dica general<\/p>\n<p>\u2022 nutrici\u00f3n<\/p>\n<p>\u2022 estudio y control de signos vitales<\/p>\n<p>\u2022 atenci\u00f3n odontol\u00f3gica<\/p>\n<p>Con este apoyo, ITAMA contribuye al bienestar f\u00edsico de las y los adolescentes, as\u00ed como al cumplimiento de los lineamientos de atenci\u00f3n integral en materia de salud.<\/p>\n","protected":false},"excerpt":{"rendered":"<p>Hermosillo, Sonora; 15 de enero de 2026.- Para garantizar atenci\u00f3n m\u00e9dica preventiva a las y los j\u00f3venes que cumplen una medida de internamiento para su reinserci\u00f3n social, la Secretar\u00eda de Seguridad y Protecci\u00f3n Ciudadana (SSPC) Sonora, en coordinaci\u00f3n con autoridades del sector salud, realiz\u00f3 la primera jornada de servicios de salud del 2026. Como parte [&hellip;]<\/p>\n","protected":false},"author":2,"featured_media":241428,"comment_status":"closed","ping_status":"closed","sticky":false,"template":"","format":"standard","meta":{"footnotes":""},"categories":[178],"tags":[12869],"class_list":["post-241427","post","type-post","status-publish","format-standard","has-post-thumbnail","hentry","category-local","tag-local"],"jetpack_featured_media_url":"https:\/\/rnoticias.com.mx\/Portal\/wp-content\/uploads\/2026\/01\/unnamed-39.jpg","amp_enabled":true,"_links":{"self":[{"href":"https:\/\/rnoticias.com.mx\/Portal\/wp-json\/wp\/v2\/posts\/241427","targetHints":{"allow":["GET"]}}],"collection":[{"href":"https:\/\/rnoticias.com.mx\/Portal\/wp-json\/wp\/v2\/posts"}],"about":[{"href":"https:\/\/rnoticias.com.mx\/Portal\/wp-json\/wp\/v2\/types\/post"}],"author":[{"embeddable":true,"href":"https:\/\/rnoticias.com.mx\/Portal\/wp-json\/wp\/v2\/users\/2"}],"replies":[{"embeddable":true,"href":"https:\/\/rnoticias.com.mx\/Portal\/wp-json\/wp\/v2\/comments?post=241427"}],"version-history":[{"count":1,"href":"https:\/\/rnoticias.com.mx\/Portal\/wp-json\/wp\/v2\/posts\/241427\/revisions"}],"predecessor-version":[{"id":241429,"href":"https:\/\/rnoticias.com.mx\/Portal\/wp-json\/wp\/v2\/posts\/241427\/revisions\/241429"}],"wp:featuredmedia":[{"embeddable":true,"href":"https:\/\/rnoticias.com.mx\/Portal\/wp-json\/wp\/v2\/media\/241428"}],"wp:attachment":[{"href":"https:\/\/rnoticias.com.mx\/Portal\/wp-json\/wp\/v2\/media?parent=241427"}],"wp:term":[{"taxonomy":"category","embeddable":true,"href":"https:\/\/rnoticias.com.mx\/Portal\/wp-json\/wp\/v2\/categories?post=241427"},{"taxonomy":"post_tag","embeddable":true,"href":"https:\/\/rnoticias.com.mx\/Portal\/wp-json\/wp\/v2\/tags?post=241427"}],"curies":[{"name":"wp","href":"https:\/\/api.w.org\/{rel}","templated":true}]}}