{"id":241424,"date":"2026-01-15T21:28:41","date_gmt":"2026-01-16T04:28:41","guid":{"rendered":"https:\/\/rnoticias.com.mx\/Portal\/?p=241424"},"modified":"2026-01-15T21:28:41","modified_gmt":"2026-01-16T04:28:41","slug":"supervisan-autoridades-de-salud-abasto-de-medicamentos-y-mejoras-operativas-en-isssteson","status":"publish","type":"post","link":"https:\/\/rnoticias.com.mx\/Portal\/2026\/01\/15\/supervisan-autoridades-de-salud-abasto-de-medicamentos-y-mejoras-operativas-en-isssteson\/","title":{"rendered":"Supervisan autoridades de Salud abasto de medicamentos y mejoras operativas en Isssteson"},"content":{"rendered":"<p>Hermosillo, Sonora; 15 de enero de 2026.\u2013 Con el objetivo de fortalecer la atenci\u00f3n que se brinda a las y los derechohabientes, autoridades del sector salud realizaron una visita al almac\u00e9n del Instituto de Seguridad y Servicios Sociales de los Trabajadores del Estado de Sonora (Isssteson) para revisar procesos operativos y administrativos relacionados con el abasto de medicamentos e insumos m\u00e9dicos.<\/p>\n<p>En el recorrido participaron el secretario de Salud, Jos\u00e9 Luis Alom\u00eda Zegarra; el director general del Isssteson, H\u00e9ctor Manuel Esparza Ledezma; as\u00ed como el titular administrativo del instituto, Eduardo Berumen Vargas, quienes constataron las condiciones actuales del almacenamiento y distribuci\u00f3n.<\/p>\n<p>Durante la visita se dio seguimiento a las acciones orientadas a mejorar la eficiencia en el manejo del inventario, con el prop\u00f3sito de garantizar el suministro oportuno de medicamentos en las unidades m\u00e9dicas del instituto.<\/p>\n<p>Asimismo, se revisaron las mejoras implementadas en las oficinas del Isssteson, enfocadas en optimizar los espacios de trabajo y fortalecer la coordinaci\u00f3n entre todas las \u00e1reas operativas y administrativas.<\/p>\n<p>Las autoridades coincidieron en la importancia del trabajo conjunto entre las distintas \u00e1reas del instituto para agilizar procesos, elevar la calidad del servicio y responder de manera m\u00e1s efectiva a las necesidades de la derechohabiencia.<\/p>\n<p>Estas acciones forman parte de una estrategia integral para fortalecer al Isssteson, priorizando una atenci\u00f3n digna, eficiente y oportuna, as\u00ed como el uso responsable de los recursos en beneficio de las y los trabajadores del estado.<\/p>\n","protected":false},"excerpt":{"rendered":"<p>Hermosillo, Sonora; 15 de enero de 2026.\u2013 Con el objetivo de fortalecer la atenci\u00f3n que se brinda a las y los derechohabientes, autoridades del sector salud realizaron una visita al almac\u00e9n del Instituto de Seguridad y Servicios Sociales de los Trabajadores del Estado de Sonora (Isssteson) para revisar procesos operativos y administrativos relacionados con el [&hellip;]<\/p>\n","protected":false},"author":2,"featured_media":241425,"comment_status":"closed","ping_status":"closed","sticky":false,"template":"","format":"standard","meta":{"footnotes":""},"categories":[178],"tags":[12869],"class_list":["post-241424","post","type-post","status-publish","format-standard","has-post-thumbnail","hentry","category-local","tag-local"],"jetpack_featured_media_url":"https:\/\/rnoticias.com.mx\/Portal\/wp-content\/uploads\/2026\/01\/2c1213e8-6604-4859-99e8-864aa9cf2404.jpeg","amp_enabled":true,"_links":{"self":[{"href":"https:\/\/rnoticias.com.mx\/Portal\/wp-json\/wp\/v2\/posts\/241424","targetHints":{"allow":["GET"]}}],"collection":[{"href":"https:\/\/rnoticias.com.mx\/Portal\/wp-json\/wp\/v2\/posts"}],"about":[{"href":"https:\/\/rnoticias.com.mx\/Portal\/wp-json\/wp\/v2\/types\/post"}],"author":[{"embeddable":true,"href":"https:\/\/rnoticias.com.mx\/Portal\/wp-json\/wp\/v2\/users\/2"}],"replies":[{"embeddable":true,"href":"https:\/\/rnoticias.com.mx\/Portal\/wp-json\/wp\/v2\/comments?post=241424"}],"version-history":[{"count":1,"href":"https:\/\/rnoticias.com.mx\/Portal\/wp-json\/wp\/v2\/posts\/241424\/revisions"}],"predecessor-version":[{"id":241426,"href":"https:\/\/rnoticias.com.mx\/Portal\/wp-json\/wp\/v2\/posts\/241424\/revisions\/241426"}],"wp:featuredmedia":[{"embeddable":true,"href":"https:\/\/rnoticias.com.mx\/Portal\/wp-json\/wp\/v2\/media\/241425"}],"wp:attachment":[{"href":"https:\/\/rnoticias.com.mx\/Portal\/wp-json\/wp\/v2\/media?parent=241424"}],"wp:term":[{"taxonomy":"category","embeddable":true,"href":"https:\/\/rnoticias.com.mx\/Portal\/wp-json\/wp\/v2\/categories?post=241424"},{"taxonomy":"post_tag","embeddable":true,"href":"https:\/\/rnoticias.com.mx\/Portal\/wp-json\/wp\/v2\/tags?post=241424"}],"curies":[{"name":"wp","href":"https:\/\/api.w.org\/{rel}","templated":true}]}}