{"id":241421,"date":"2026-01-15T21:24:06","date_gmt":"2026-01-16T04:24:06","guid":{"rendered":"https:\/\/rnoticias.com.mx\/Portal\/?p=241421"},"modified":"2026-01-15T21:24:06","modified_gmt":"2026-01-16T04:24:06","slug":"en-su-44-aniversario-el-colegio-de-sonora-coloca-la-relacion-mexico-estados-unidos-en-el-centro-de-la-discusion","status":"publish","type":"post","link":"https:\/\/rnoticias.com.mx\/Portal\/2026\/01\/15\/en-su-44-aniversario-el-colegio-de-sonora-coloca-la-relacion-mexico-estados-unidos-en-el-centro-de-la-discusion\/","title":{"rendered":"En su 44 aniversario, el Colegio de Sonora coloca la relaci\u00f3n M\u00e9xico-Estados Unidos en el centro de la discusi\u00f3n"},"content":{"rendered":"<p>El Colegio de Sonora (Colson) present\u00f3 el programa de actividades conmemorativas por su 44.\u00b0 aniversario, con una agenda abierta a la comunidad que articula di\u00e1logo acad\u00e9mico, divulgaci\u00f3n editorial y actividades culturales. En el anuncio, el rector Jos\u00e9 Luis Moreno V\u00e1zquez explic\u00f3 que el eje tem\u00e1tico se concentra en la relaci\u00f3n M\u00e9xico-Estados Unidos por su impacto directo en la vida p\u00fablica de la regi\u00f3n y por coyunturas que requieren una discusi\u00f3n informada.<\/p>\n<p>&nbsp;<\/p>\n<p>En rueda de prensa, el rector se\u00f1al\u00f3 dos razones coyunturales: el inicio de la administraci\u00f3n de Donald Trump en 2025 y la revisi\u00f3n del Tratado Comercial entre M\u00e9xico, Estados Unidos y Canad\u00e1 (T-MEC) prevista para este a\u00f1o. A\u00f1adi\u00f3 que, aun sin estos factores, la relevancia del tema se sostiene por razones hist\u00f3ricas y sociales, entre ellas la frontera compartida, la interdependencia en recursos h\u00eddricos y los acuerdos internacionales que regulan su uso, as\u00ed como la intensidad del intercambio econ\u00f3mico y humano entre ambos pa\u00edses.<\/p>\n<p>&nbsp;<\/p>\n<p>El programa busca acercar a la comunidad espacios p\u00fablicos de conversaci\u00f3n sobre asuntos que atraviesan la vida cotidiana, principalmente sobre esta relaci\u00f3n binacional. En ese marco, se realizar\u00e1 la conferencia magistral \u201cEl reto de la relaci\u00f3n M\u00e9xico-Estados Unidos, en la administraci\u00f3n de Donald Trump\u201d, impartida por James Gerber, investigador de la Universidad de California. Asimismo, se desarrollar\u00e1 el conversatorio \u201c\u00bfEn busca de la receta de la arepa? Intervenci\u00f3n internacional, intereses globales y olvido social en Venezuela\u201d, un espacio de di\u00e1logo entre seis especialistas.<\/p>\n<p>&nbsp;<\/p>\n<p>El doctor Moreno V\u00e1zquez manifest\u00f3 que el prop\u00f3sito del programa es impulsar una reflexi\u00f3n que no se quede en el diagn\u00f3stico, sino que contribuya a construir respuestas compartidas. Plante\u00f3 que el reto requiere actuar en conjunto entre universidades, gobierno y sociedad, para anticipar escenarios y discutir alternativas.<\/p>\n<p>&nbsp;<\/p>\n<p><strong>2026: resultados y nuevas rutas de formaci\u00f3n<\/strong><\/p>\n<p>En la presentaci\u00f3n del programa, la directora general acad\u00e9mica, Am\u00e9rica Lutz Ley anunci\u00f3 que el Colson cerr\u00f3 2025 con resultados favorables y el 2026 inicia con buenas expectativas. Destac\u00f3 que el 91% de la planta acad\u00e9mica pertenece al Sistema Nacional de Investigadoras e Investigadores (SNII), quienes participan o son responsables de investigaciones que convergen en temas de inter\u00e9s regional e internacional como atenci\u00f3n a poblaciones migrantes, los derechos de la infancia, patrimonio biocultural de comunidades sonorenses, miner\u00eda y otros.<\/p>\n<p>&nbsp;<\/p>\n<p>La doctora Lutz Ley adelant\u00f3 que a mediados de 2026 se proyecta la apertura de dos nuevas maestr\u00edas profesionalizantes: G\u00e9nero y Sostenibilidad Ambiental y la de Salud y Comunidad. Adem\u00e1s, este a\u00f1o m\u00e1s de 40 estudiantes comenzar\u00e1n su programa de maestr\u00eda y doctorado en ciencias sociales.<\/p>\n<p>&nbsp;<\/p>\n<p>La directora general Acad\u00e9mica reafirm\u00f3 que la instituci\u00f3n busca consolidarse como un espacio abierto para la sociedad, con cabida para la pluralidad y el di\u00e1logo con todos los sectores de la comunidad.<\/p>\n<p>&nbsp;<\/p>\n<p><strong>Anuncian agenda acad\u00e9mica y cultural<\/strong><\/p>\n<p>&nbsp;<\/p>\n<p>Por su parte, el jefe del Departamento de Difusi\u00f3n Cultural, doctor \u00d3scar Mayoral Pe\u00f1a, present\u00f3 las actividades que se desarrollar\u00e1n entre el 26 de enero y el 5 de febrero en las instalaciones de la instituci\u00f3n.<\/p>\n<p>&nbsp;<\/p>\n<p>Durante esos d\u00edas, la comunidad podr\u00e1 acceder de forma libre a una conferencia magistral, la presentaci\u00f3n de cinco libros, una exposici\u00f3n fotogr\u00e1fica y mesa redonda para discutir experiencias sobre la fotograf\u00eda testimonial y un conversatorio sobre la situaci\u00f3n actual en Venezuela, as\u00ed como lectura de poes\u00eda y un concierto de m\u00fasica de compositores sonorenses, despu\u00e9s del cual ser\u00e1 se expondr\u00e1n los manuscritos originales de esa m\u00fasica, los cuales son consideradas como textos antiguos.<\/p>\n<p>&nbsp;<\/p>\n<p>De esta forma, el Colson integra su efem\u00e9ride con una programaci\u00f3n que vincula la reflexi\u00f3n social con lenguajes culturales y visuales.<\/p>\n<p>&nbsp;<\/p>\n<p>El programa completo puede consultarse en la <a href=\"https:\/\/www.colson.edu.mx\/adminPaginaColson\/publico\/imagenesEventos\/programas\/1512026132023135.pdf\">p\u00e1gina de internet<\/a> del Colegio, as\u00ed como en sus redes sociales: <a href=\"https:\/\/www.facebook.com\/ColSonora\/posts\/pfbid0vE62aQnAmD15R2oZVLfmy14gVtMYUWvpoT7ggKDCxVdiVkfbxzpLiuoPt2iVWsx6l\">Facebook<\/a>, <a href=\"https:\/\/www.instagram.com\/p\/DTi93PbDwbn\/?img_index=1\">Instagram<\/a> y <a href=\"https:\/\/www.youtube.com\/watch?v=KuJuXXNv8os\">YouTube<\/a> como @ColSonora.<\/p>\n","protected":false},"excerpt":{"rendered":"<p>El Colegio de Sonora (Colson) present\u00f3 el programa de actividades conmemorativas por su 44.\u00b0 aniversario, con una agenda abierta a la comunidad que articula di\u00e1logo acad\u00e9mico, divulgaci\u00f3n editorial y actividades culturales. En el anuncio, el rector Jos\u00e9 Luis Moreno V\u00e1zquez explic\u00f3 que el eje tem\u00e1tico se concentra en la relaci\u00f3n M\u00e9xico-Estados Unidos por su impacto [&hellip;]<\/p>\n","protected":false},"author":2,"featured_media":241422,"comment_status":"closed","ping_status":"closed","sticky":false,"template":"","format":"standard","meta":{"footnotes":""},"categories":[12870,178],"tags":[12865,12869],"class_list":["post-241421","post","type-post","status-publish","format-standard","has-post-thumbnail","hentry","category-destacadas","category-local","tag-destacadas","tag-local"],"jetpack_featured_media_url":"https:\/\/rnoticias.com.mx\/Portal\/wp-content\/uploads\/2026\/01\/Rueda-de-Prensa-Aniversario-Colegio-de-Sonora-scaled.jpg","amp_enabled":true,"_links":{"self":[{"href":"https:\/\/rnoticias.com.mx\/Portal\/wp-json\/wp\/v2\/posts\/241421","targetHints":{"allow":["GET"]}}],"collection":[{"href":"https:\/\/rnoticias.com.mx\/Portal\/wp-json\/wp\/v2\/posts"}],"about":[{"href":"https:\/\/rnoticias.com.mx\/Portal\/wp-json\/wp\/v2\/types\/post"}],"author":[{"embeddable":true,"href":"https:\/\/rnoticias.com.mx\/Portal\/wp-json\/wp\/v2\/users\/2"}],"replies":[{"embeddable":true,"href":"https:\/\/rnoticias.com.mx\/Portal\/wp-json\/wp\/v2\/comments?post=241421"}],"version-history":[{"count":1,"href":"https:\/\/rnoticias.com.mx\/Portal\/wp-json\/wp\/v2\/posts\/241421\/revisions"}],"predecessor-version":[{"id":241423,"href":"https:\/\/rnoticias.com.mx\/Portal\/wp-json\/wp\/v2\/posts\/241421\/revisions\/241423"}],"wp:featuredmedia":[{"embeddable":true,"href":"https:\/\/rnoticias.com.mx\/Portal\/wp-json\/wp\/v2\/media\/241422"}],"wp:attachment":[{"href":"https:\/\/rnoticias.com.mx\/Portal\/wp-json\/wp\/v2\/media?parent=241421"}],"wp:term":[{"taxonomy":"category","embeddable":true,"href":"https:\/\/rnoticias.com.mx\/Portal\/wp-json\/wp\/v2\/categories?post=241421"},{"taxonomy":"post_tag","embeddable":true,"href":"https:\/\/rnoticias.com.mx\/Portal\/wp-json\/wp\/v2\/tags?post=241421"}],"curies":[{"name":"wp","href":"https:\/\/api.w.org\/{rel}","templated":true}]}}