{"id":241394,"date":"2026-01-15T20:55:15","date_gmt":"2026-01-16T03:55:15","guid":{"rendered":"https:\/\/rnoticias.com.mx\/Portal\/?p=241394"},"modified":"2026-01-15T20:55:15","modified_gmt":"2026-01-16T03:55:15","slug":"seleccion-nacional-de-mexico-javier-aguirre-da-a-conocer-primera-lista-del-2026","status":"publish","type":"post","link":"https:\/\/rnoticias.com.mx\/Portal\/2026\/01\/15\/seleccion-nacional-de-mexico-javier-aguirre-da-a-conocer-primera-lista-del-2026\/","title":{"rendered":"Selecci\u00f3n Nacional de M\u00e9xico: Javier Aguirre da a conocer primera lista del 2026"},"content":{"rendered":"<p>La\u00a0<strong>primera convocatoria del a\u00f1o<\/strong>\u00a0de la Selecci\u00f3n Nacional de futbol soccer de M\u00e9xico, dirigida por\u00a0<strong>Javier \u201cVasco\u201d Aguirre,<\/strong>\u00a0se dio a conocer la tarde-noche de este\u00a0<strong>jueves 15 de enero de 2026<\/strong>, en la que destacan varios elementos del Club Deportivo Guadalajara.<\/p>\n<p>El afamado \u201cVasco\u201d Aguirre emiti\u00f3 su primera lista de convocados de cara a los partidos que sostendr\u00e1 el equipo azteca en enero.<\/p>\n<p>Destaca en la lista el llamado de hasta\u00a0<strong>ocho jugadores de las Chivas<\/strong>, siendo Am\u00e9rica, Cruz Azul, Rayados del Monterrey y los Diablos Rojos del Toluca, quienes aportan tres futbolistas cada uno.<\/p>\n<p>Cabe se\u00f1alar que los dos partidos que jugar\u00e1 el tricolor en este primer mes del 2026 son contra Panam\u00e1 el 22 y ante Bolivia el 25 de enero.<\/p>\n<p>Al\u00a0<strong>no ser fecha FIFA<\/strong>, en estos par de partidos, el director t\u00e9cnico\u00a0<strong>Javier Aguirre no podr\u00e1 contar con jugadores que militan en Europa<\/strong>, por eso la lista es exclusivamente de elementos que juegan en la\u00a0<strong><a href=\"https:\/\/fmf.mx\/\">Liga MX<\/a><\/strong>, cuyo permiso correspondiente por parte de los clubes se otorg\u00f3 debido al apoyo que se da a la selecci\u00f3n en este a\u00f1o mundialista.<\/p>\n<p>Una de las notables ausencias en esta convocatoria y por lesi\u00f3n es la del delantero estelar del Toluca, Alexis Vega, quien se someti\u00f3 a un procedimiento de limpieza en su rodilla derecha, despu\u00e9s de lesionarse en octubre de 2025.<\/p>\n<p>Cabe se\u00f1alar que, de acuerdo a la\u00a0<strong><a href=\"https:\/\/fmf.mx\/\">Federaci\u00f3n Mexicana de Futbol<\/a><\/strong>, el equipo nacional tendr\u00e1 un tercer amistoso, pactado para el 25 de febrero en Quer\u00e9taro ante Islandia. Antes, el duelo\u00a0<strong>ante Panam\u00e1 el 22 de enero<\/strong>\u00a0ser\u00e1 en el pa\u00eds canalero, mientras que el\u00a0<strong>25 de enero M\u00e9xico viajar\u00e1 a Santa Cruz, Bolivia.<\/strong><\/p>\n<div id=\"attachment_1555700\" class=\"wp-caption alignnone\"><\/div>\n<p><strong>Convocatoria<br \/>\n<\/strong><br \/>\n<strong>Porteros<\/strong><br \/>\n\u2022 \u00c1ngel Malag\u00f3n \u2013 Club Am\u00e9rica<br \/>\n\u2022 Ra\u00fal Rangel \u2013 Chivas<br \/>\n\u2022 Carlos Acevedo \u2013 Santos Laguna<\/p>\n<div class=\"ads\">\n<div id=\"LD_Notas_Rectangle_4&gt;\n&lt;script type=&quot;rocketlazyloadscript&quot;&gt;\ngoogletag.cmd.push(function() { googletag.display(\"><\/div>\n<\/div>\n<p><strong>Defensas<\/strong><br \/>\n\u2022 Richard Ledezma \u2013 Chivas<br \/>\n\u2022 Jorge S\u00e1nchez \u2013 Cruz Azul<br \/>\n\u2022 V\u00edctor Guzm\u00e1n \u2013 Monterrey<br \/>\n\u2022 Israel Reyes \u2013 Club Am\u00e9rica<br \/>\n\u2022 Ram\u00f3n Ju\u00e1rez \u2013 Club Am\u00e9rica<br \/>\n\u2022 Eduardo \u00c1guila \u2013 Atl\u00e9tico de San Luis<br \/>\n\u2022 Everardo L\u00f3pez \u2013 Toluca<br \/>\n\u2022 Jes\u00fas Gallardo \u2013 Toluca<br \/>\n\u2022 Bryan Gonz\u00e1lez \u2013 Chivas<\/p>\n<p><strong>Medios<\/strong><br \/>\n\u2022 Luis Romo \u2013 Chivas<br \/>\n\u2022 Erik Lira \u2013 Cruz Azul<br \/>\n\u2022 Denzell Garc\u00eda \u2013 FC Ju\u00e1rez<br \/>\n\u2022 Diego Lainez \u2013 Tigres<br \/>\n\u2022 Roberto Alvarado \u2013 Chivas<br \/>\n\u2022 Iker Fimbres \u2013 Monterrey<br \/>\n\u2022 Carlos Rodr\u00edguez \u2013 Cruz Azul<br \/>\n\u2022 Kevin Casta\u00f1eda \u2013 Xolos<br \/>\n\u2022 Obed Vargas \u2013 Seattle Sounders<br \/>\n\u2022 Marcel Ruiz \u2013 Toluca<br \/>\n\u2022 Brian Guti\u00e9rrez \u2013 Chivas<br \/>\n\u2022 Gilberto Mora \u2013 Xolos<\/p>\n<p><strong>Delanteros<\/strong><br \/>\n\u2022 \u00c1ngel Sep\u00falveda \u2013 Chivas<br \/>\n\u2022 Germ\u00e1n Berterame \u2013 Monterrey<br \/>\n\u2022 Armando Gonz\u00e1lez \u2013 Chivas<\/p>\n","protected":false},"excerpt":{"rendered":"<p>La\u00a0primera convocatoria del a\u00f1o\u00a0de la Selecci\u00f3n Nacional de futbol soccer de M\u00e9xico, dirigida por\u00a0Javier \u201cVasco\u201d Aguirre,\u00a0se dio a conocer la tarde-noche de este\u00a0jueves 15 de enero de 2026, en la que destacan varios elementos del Club Deportivo Guadalajara. El afamado \u201cVasco\u201d Aguirre emiti\u00f3 su primera lista de convocados de cara a los partidos que sostendr\u00e1 [&hellip;]<\/p>\n","protected":false},"author":2,"featured_media":241395,"comment_status":"closed","ping_status":"closed","sticky":false,"template":"","format":"standard","meta":{"footnotes":""},"categories":[188,12870],"tags":[5231,12865],"class_list":["post-241394","post","type-post","status-publish","format-standard","has-post-thumbnail","hentry","category-deportes","category-destacadas","tag-deportes","tag-destacadas"],"jetpack_featured_media_url":"https:\/\/rnoticias.com.mx\/Portal\/wp-content\/uploads\/2026\/01\/r1600769_1296x729_16-9.jpg","amp_enabled":true,"_links":{"self":[{"href":"https:\/\/rnoticias.com.mx\/Portal\/wp-json\/wp\/v2\/posts\/241394","targetHints":{"allow":["GET"]}}],"collection":[{"href":"https:\/\/rnoticias.com.mx\/Portal\/wp-json\/wp\/v2\/posts"}],"about":[{"href":"https:\/\/rnoticias.com.mx\/Portal\/wp-json\/wp\/v2\/types\/post"}],"author":[{"embeddable":true,"href":"https:\/\/rnoticias.com.mx\/Portal\/wp-json\/wp\/v2\/users\/2"}],"replies":[{"embeddable":true,"href":"https:\/\/rnoticias.com.mx\/Portal\/wp-json\/wp\/v2\/comments?post=241394"}],"version-history":[{"count":1,"href":"https:\/\/rnoticias.com.mx\/Portal\/wp-json\/wp\/v2\/posts\/241394\/revisions"}],"predecessor-version":[{"id":241396,"href":"https:\/\/rnoticias.com.mx\/Portal\/wp-json\/wp\/v2\/posts\/241394\/revisions\/241396"}],"wp:featuredmedia":[{"embeddable":true,"href":"https:\/\/rnoticias.com.mx\/Portal\/wp-json\/wp\/v2\/media\/241395"}],"wp:attachment":[{"href":"https:\/\/rnoticias.com.mx\/Portal\/wp-json\/wp\/v2\/media?parent=241394"}],"wp:term":[{"taxonomy":"category","embeddable":true,"href":"https:\/\/rnoticias.com.mx\/Portal\/wp-json\/wp\/v2\/categories?post=241394"},{"taxonomy":"post_tag","embeddable":true,"href":"https:\/\/rnoticias.com.mx\/Portal\/wp-json\/wp\/v2\/tags?post=241394"}],"curies":[{"name":"wp","href":"https:\/\/api.w.org\/{rel}","templated":true}]}}