{"id":241390,"date":"2026-01-15T18:30:06","date_gmt":"2026-01-16T01:30:06","guid":{"rendered":"https:\/\/rnoticias.com.mx\/Portal\/?p=241390"},"modified":"2026-01-15T18:30:06","modified_gmt":"2026-01-16T01:30:06","slug":"desaparece-profesor-colombiano-de-la-ibero-en-aeropuerto-de-monterrey","status":"publish","type":"post","link":"https:\/\/rnoticias.com.mx\/Portal\/2026\/01\/15\/desaparece-profesor-colombiano-de-la-ibero-en-aeropuerto-de-monterrey\/","title":{"rendered":"Desaparece profesor colombiano de la Ibero en Aeropuerto de Monterrey"},"content":{"rendered":"<p>Leonardo Ariel Escobar Barrios, profesor de la Universidad Iberoamericana, campus Puebla, fue presuntamente detenido el 31 de diciembre de 2025 en el Aeropuerto Internacional General Mariano Escobedo, de Monterrey, Nuevo Le\u00f3n, y desde el 2 de enero pasado no se tienen noticias de su paradero.<\/p>\n<p>El acad\u00e9mico colombiano de 42 a\u00f1os mantuvo su \u00faltima comunicaci\u00f3n con su familia la ma\u00f1ana del 2 de enero desde Apodaca, Nuevo Le\u00f3n, despu\u00e9s de haber regresado de Colombia, donde pasaba las fiestas decembrinas.<\/p>\n<p>Seg\u00fan inform\u00f3 el Rector de la Ibero Puebla, Alejandro Guevara Sangin\u00e9s, el catedr\u00e1tico fue detenido despu\u00e9s de pasar el filtro del Instituto Nacional de Migraci\u00f3n, en la terminal a\u00e9rea regiomontana, aunque los hechos alrededor de su detenci\u00f3n permanecen con inconsistencias en las versiones oficiales.<\/p>\n<p>El Sistema Universitario Jesuita se\u00f1al\u00f3 la participaci\u00f3n de autoridades federales, del Instituto Nacional de Migraci\u00f3n, de la Guardia Nacional y de la Polic\u00eda Municipal de Apodaca.<\/p>\n<p>Sin embargo, el SUJ advirti\u00f3 sobre la falta de claridad en la informaci\u00f3n proporcionada por las autoridades y destac\u00f3 una situaci\u00f3n particularmente preocupante: no existe ning\u00fan registro en el Registro Nacional de Detenciones que conste su detenci\u00f3n o su liberaci\u00f3n.<\/p>\n<p>El rector Guevara Sangin\u00e9s declar\u00f3 que \u201cllegando a Monterrey pasa el filtro de migraci\u00f3n y a partir de ah\u00ed no sabemos qu\u00e9 sucedi\u00f3 realmente solo tenemos reporte de Seguridad P\u00fablica de Apodaca que hubo un altercado y que la Guardia Nacional lo llev\u00f3 a la comisar\u00eda\u201d.<\/p>\n<p>El funcionario universitario tambi\u00e9n se\u00f1al\u00f3 que la versi\u00f3n de un altercado por cuestiones migratorias fue desmentida posteriormente, lo que ha generado mayores incertidumbres sobre los eventos ocurridos en el aeropuerto.<\/p>\n<p>Escobar Barrios es doctor en Letras y fue contratado en mayo de 2025, por el \u00e1rea de Publicaciones de la Universidad Iberoamericana Puebla, donde se encargaba de la parte editorial de la revista y libros de la instituci\u00f3n.<\/p>\n<p>La Comisi\u00f3n Nacional de B\u00fasqueda emiti\u00f3, el 9 de enero de 2026, una ficha de b\u00fasqueda para localizarlo, en la que se detallaron caracter\u00edsticas f\u00edsicas del docente: mide 1.75 metros de altura, presenta una cicatriz en la parte superior del gl\u00fateo derecho, un lunar en la mejilla derecha y una peque\u00f1a verruga en la nariz.<\/p>\n<p>El SUJ hizo un llamado a los tres niveles de gobierno para que redoblen esfuerzos en la b\u00fasqueda del acad\u00e9mico y exigi\u00f3 \u201cla presentaci\u00f3n inmediata y con vida del Dr. Leonardo Ariel Escobar Barrios, as\u00ed como informaci\u00f3n clara y verificable que permita conocer su paradero y establecer las responsabilidades de las autoridades\u201d.<\/p>\n<p>Por su parte, Francisco S\u00e1nchez Gonz\u00e1lez, titular de la Secretar\u00eda de Seguridad P\u00fablica de Puebla, inform\u00f3 que contin\u00faan las investigaciones para localizar al docente y afirm\u00f3 que \u201cestamos todav\u00eda en el desarrollo de la investigaci\u00f3n. Informaci\u00f3n que nos permita poder puntualizar sobre esta persona, se las haremos de su conocimiento\u201d.<\/p>\n","protected":false},"excerpt":{"rendered":"<p>Leonardo Ariel Escobar Barrios, profesor de la Universidad Iberoamericana, campus Puebla, fue presuntamente detenido el 31 de diciembre de 2025 en el Aeropuerto Internacional General Mariano Escobedo, de Monterrey, Nuevo Le\u00f3n, y desde el 2 de enero pasado no se tienen noticias de su paradero. El acad\u00e9mico colombiano de 42 a\u00f1os mantuvo su \u00faltima comunicaci\u00f3n [&hellip;]<\/p>\n","protected":false},"author":2,"featured_media":241391,"comment_status":"closed","ping_status":"closed","sticky":false,"template":"","format":"standard","meta":{"footnotes":""},"categories":[12870,172],"tags":[12865,12874],"class_list":["post-241390","post","type-post","status-publish","format-standard","has-post-thumbnail","hentry","category-destacadas","category-nacional","tag-destacadas","tag-nacional"],"jetpack_featured_media_url":"https:\/\/rnoticias.com.mx\/Portal\/wp-content\/uploads\/2026\/01\/img_2525.webp","amp_enabled":true,"_links":{"self":[{"href":"https:\/\/rnoticias.com.mx\/Portal\/wp-json\/wp\/v2\/posts\/241390","targetHints":{"allow":["GET"]}}],"collection":[{"href":"https:\/\/rnoticias.com.mx\/Portal\/wp-json\/wp\/v2\/posts"}],"about":[{"href":"https:\/\/rnoticias.com.mx\/Portal\/wp-json\/wp\/v2\/types\/post"}],"author":[{"embeddable":true,"href":"https:\/\/rnoticias.com.mx\/Portal\/wp-json\/wp\/v2\/users\/2"}],"replies":[{"embeddable":true,"href":"https:\/\/rnoticias.com.mx\/Portal\/wp-json\/wp\/v2\/comments?post=241390"}],"version-history":[{"count":1,"href":"https:\/\/rnoticias.com.mx\/Portal\/wp-json\/wp\/v2\/posts\/241390\/revisions"}],"predecessor-version":[{"id":241392,"href":"https:\/\/rnoticias.com.mx\/Portal\/wp-json\/wp\/v2\/posts\/241390\/revisions\/241392"}],"wp:featuredmedia":[{"embeddable":true,"href":"https:\/\/rnoticias.com.mx\/Portal\/wp-json\/wp\/v2\/media\/241391"}],"wp:attachment":[{"href":"https:\/\/rnoticias.com.mx\/Portal\/wp-json\/wp\/v2\/media?parent=241390"}],"wp:term":[{"taxonomy":"category","embeddable":true,"href":"https:\/\/rnoticias.com.mx\/Portal\/wp-json\/wp\/v2\/categories?post=241390"},{"taxonomy":"post_tag","embeddable":true,"href":"https:\/\/rnoticias.com.mx\/Portal\/wp-json\/wp\/v2\/tags?post=241390"}],"curies":[{"name":"wp","href":"https:\/\/api.w.org\/{rel}","templated":true}]}}