{"id":241387,"date":"2026-01-15T18:28:27","date_gmt":"2026-01-16T01:28:27","guid":{"rendered":"https:\/\/rnoticias.com.mx\/Portal\/?p=241387"},"modified":"2026-01-15T18:28:27","modified_gmt":"2026-01-16T01:28:27","slug":"trump-califica-de-irrelevante-el-t-mec-y-asegura-que-eu-no-necesita-el-tratado-comercial","status":"publish","type":"post","link":"https:\/\/rnoticias.com.mx\/Portal\/2026\/01\/15\/trump-califica-de-irrelevante-el-t-mec-y-asegura-que-eu-no-necesita-el-tratado-comercial\/","title":{"rendered":"Trump califica de irrelevante el T-MEC y asegura que EU no necesita el tratado comercial"},"content":{"rendered":"<p>El Presidente de Estados Unidos, Donald Trump, declar\u00f3 que el Tratado entre M\u00e9xico, Estados Unidos y Canad\u00e1 no representa beneficio alguno para su pa\u00eds y carece de ventajas reales, aunque reconoci\u00f3 que Canad\u00e1 s\u00ed tiene inter\u00e9s en mantenerlo vigente.<\/p>\n<p>Las afirmaciones se produjeron durante una visita a una planta de Ford Motor Co. en Dearborn, Michigan, minutos antes de ofrecer un discurso sobre econom\u00eda en Detroit.<\/p>\n<p>Trump sostuvo que desde la perspectiva estadounidense el acuerdo comercial no aporta beneficios estrat\u00e9gicos ni econ\u00f3micos.<\/p>\n<p>\u201cNo tiene ninguna ventaja real, es irrelevante\u201d, se\u00f1al\u00f3 al referirse al tratado que sustituy\u00f3 al TLCAN y que entr\u00f3 en vigor en 2020. Agreg\u00f3 que Estados Unidos no necesita productos manufacturados en Canad\u00e1 ni en M\u00e9xico, particularmente autom\u00f3viles, y reiter\u00f3 su intenci\u00f3n de impulsar el regreso de la manufactura al territorio estadounidense.<\/p>\n<p>\u201cQueremos traerlos aqu\u00ed\u201d, dijo Trump, al asegurar que su pol\u00edtica econ\u00f3mica busca fortalecer la producci\u00f3n nacional y reducir la dependencia de bienes fabricados en el extranjero.<\/p>\n<p>La Presidenta Claudia Sheinbaum Pardo hab\u00eda dicho, durante su conferencia matutina del 12 de enero, que ten\u00eda confianza en que la revisi\u00f3n del Tratado comercial resultar\u00e1 favorable para M\u00e9xico, pese a las tensiones que pudieran surgir.<\/p>\n<p>Sheinbaum Pardo revel\u00f3 que durante la conversaci\u00f3n telef\u00f3nica sostenida esa misma ma\u00f1ana con el Mandatario estadounidense, abordaron de manera general el tema del tratado, sin profundizar en detalles t\u00e9cnicos.<\/p>\n<p>\u201cTengo confianza que en el marco de la revisi\u00f3n del tratado va a ser buena, yo conf\u00edo que en este a\u00f1o se va a resolver, van a haber sus tensiones en ciertos temas pero va a ser bueno, yo tengo esa confianza porque hay mucha integraci\u00f3n econ\u00f3mica en las dos econom\u00edas\u201d, declar\u00f3.<\/p>\n","protected":false},"excerpt":{"rendered":"<p>El Presidente de Estados Unidos, Donald Trump, declar\u00f3 que el Tratado entre M\u00e9xico, Estados Unidos y Canad\u00e1 no representa beneficio alguno para su pa\u00eds y carece de ventajas reales, aunque reconoci\u00f3 que Canad\u00e1 s\u00ed tiene inter\u00e9s en mantenerlo vigente. Las afirmaciones se produjeron durante una visita a una planta de Ford Motor Co. en Dearborn, [&hellip;]<\/p>\n","protected":false},"author":2,"featured_media":241388,"comment_status":"closed","ping_status":"closed","sticky":false,"template":"","format":"standard","meta":{"footnotes":""},"categories":[12870,182],"tags":[12865,12871],"class_list":["post-241387","post","type-post","status-publish","format-standard","has-post-thumbnail","hentry","category-destacadas","category-internacional","tag-destacadas","tag-internacional"],"jetpack_featured_media_url":"https:\/\/rnoticias.com.mx\/Portal\/wp-content\/uploads\/2026\/01\/donald-trump-tmec-jpg.webp","amp_enabled":true,"_links":{"self":[{"href":"https:\/\/rnoticias.com.mx\/Portal\/wp-json\/wp\/v2\/posts\/241387","targetHints":{"allow":["GET"]}}],"collection":[{"href":"https:\/\/rnoticias.com.mx\/Portal\/wp-json\/wp\/v2\/posts"}],"about":[{"href":"https:\/\/rnoticias.com.mx\/Portal\/wp-json\/wp\/v2\/types\/post"}],"author":[{"embeddable":true,"href":"https:\/\/rnoticias.com.mx\/Portal\/wp-json\/wp\/v2\/users\/2"}],"replies":[{"embeddable":true,"href":"https:\/\/rnoticias.com.mx\/Portal\/wp-json\/wp\/v2\/comments?post=241387"}],"version-history":[{"count":1,"href":"https:\/\/rnoticias.com.mx\/Portal\/wp-json\/wp\/v2\/posts\/241387\/revisions"}],"predecessor-version":[{"id":241389,"href":"https:\/\/rnoticias.com.mx\/Portal\/wp-json\/wp\/v2\/posts\/241387\/revisions\/241389"}],"wp:featuredmedia":[{"embeddable":true,"href":"https:\/\/rnoticias.com.mx\/Portal\/wp-json\/wp\/v2\/media\/241388"}],"wp:attachment":[{"href":"https:\/\/rnoticias.com.mx\/Portal\/wp-json\/wp\/v2\/media?parent=241387"}],"wp:term":[{"taxonomy":"category","embeddable":true,"href":"https:\/\/rnoticias.com.mx\/Portal\/wp-json\/wp\/v2\/categories?post=241387"},{"taxonomy":"post_tag","embeddable":true,"href":"https:\/\/rnoticias.com.mx\/Portal\/wp-json\/wp\/v2\/tags?post=241387"}],"curies":[{"name":"wp","href":"https:\/\/api.w.org\/{rel}","templated":true}]}}