{"id":241378,"date":"2026-01-15T18:14:07","date_gmt":"2026-01-16T01:14:07","guid":{"rendered":"https:\/\/rnoticias.com.mx\/Portal\/?p=241378"},"modified":"2026-01-15T18:14:07","modified_gmt":"2026-01-16T01:14:07","slug":"este-viernes-inicia-el-cuarto-festival-del-globo","status":"publish","type":"post","link":"https:\/\/rnoticias.com.mx\/Portal\/2026\/01\/15\/este-viernes-inicia-el-cuarto-festival-del-globo\/","title":{"rendered":"Este viernes inicia el Cuarto Festival del Globo"},"content":{"rendered":"<div><b data-olk-copy-source=\"MessageBody\">Hermosillo, Sonora; 15 de enero, 2026.-<\/b>\u00a0Con una amplia variedad de actividades que llenar\u00e1n de color, m\u00fasica y diversi\u00f3n a las familias hermosillenses, se llevar\u00e1 a cabo la cuarta edici\u00f3n del Festival del Globo que organiza el Ayuntamiento de Hermosillo encabezado por el presidente municipal Antonio Astiazar\u00e1n Guti\u00e9rrez a partir de este viernes 16 de enero.<\/p>\n<p>Con la participaci\u00f3n de 20 globos aerost\u00e1ticos, entre los que destacan figuras como Bob Esponja y Elvis Presley, este festival espera reunir a m\u00e1s de 60 mil asistentes en una gran celebraci\u00f3n que combina m\u00fasica, gastronom\u00eda, color y momentos inolvidables para personas de todas las edades.<\/p>\n<p>Las actividades iniciar\u00e1n a partir de las 5:00 de la tarde en el estacionamiento de la Expogan, sede de este evento que por primera vez se extender\u00e1 durante tres d\u00edas consecutivos, contemplando para el viernes la Noche M\u00e1gica donde las familias podr\u00e1n tomarse fotograf\u00edas con el paisaje iluminado de globos aerost\u00e1ticos.<\/p>\n<p>Durante el viernes 16 de enero, el escenario contar\u00e1 con la participaci\u00f3n de agrupaciones locales como Rigos Band a las 5:00 pm, Los Hijos de Frank a las 7:30 pm y Cartas a Venus a las 10:00 pm, dando inicio a un fin de semana lleno de m\u00fasica en vivo y entretenimiento.<\/p>\n<p>Para el s\u00e1bado 17 de enero, se presentar\u00e1 Julio \u00c1vila a las 6:30 pm y el concierto estelar de Moenia a las 10:00 pm, mientras que el domingo 18 de enero se vivir\u00e1 una jornada especial con el Festival Internacional de Danza a las 5:00 pm, Toque y Tono a las 6:30 pm, una noche nost\u00e1lgica con Los Apson a las 8:00 pm y un espectacular show de drones, con funciones a las 7:00 y 10:00 de la noche.<\/p>\n<p>Como parte de las novedades, el Festival del Globo contar\u00e1 con espacios como Algo Chilo, dirigido a j\u00f3venes; el Pabell\u00f3n de La H, con la participaci\u00f3n de dependencias municipales como DIF, AMECC, IHJ e IMCA; as\u00ed como el Mercado de Rancho, donde se ofrecer\u00e1n productos regionales en coordinaci\u00f3n con la Uni\u00f3n Ganadera.<\/p>\n<p>Para mayor informaci\u00f3n, las y los interesados pueden consultar las redes sociales @TurismoHMO y @HermosilloGob, comunicarse al tel\u00e9fono 662 290 9233 o visitar la p\u00e1gina web festivaldelglobo.hermosillo.gob.mx, donde tambi\u00e9n se podr\u00e1n encontrar tarifas promocionales de hoteles, algunos con habitaciones desde 799 pesos por noche.<\/p><\/div>\n<p>&nbsp;<\/p>\n<p>&#8212;<\/p>\n","protected":false},"excerpt":{"rendered":"<p>Hermosillo, Sonora; 15 de enero, 2026.-\u00a0Con una amplia variedad de actividades que llenar\u00e1n de color, m\u00fasica y diversi\u00f3n a las familias hermosillenses, se llevar\u00e1 a cabo la cuarta edici\u00f3n del Festival del Globo que organiza el Ayuntamiento de Hermosillo encabezado por el presidente municipal Antonio Astiazar\u00e1n Guti\u00e9rrez a partir de este viernes 16 de enero. [&hellip;]<\/p>\n","protected":false},"author":2,"featured_media":241379,"comment_status":"closed","ping_status":"closed","sticky":false,"template":"","format":"standard","meta":{"footnotes":""},"categories":[12870,178],"tags":[12865,12869],"class_list":["post-241378","post","type-post","status-publish","format-standard","has-post-thumbnail","hentry","category-destacadas","category-local","tag-destacadas","tag-local"],"jetpack_featured_media_url":"https:\/\/rnoticias.com.mx\/Portal\/wp-content\/uploads\/2026\/01\/1765394656509.jpg","amp_enabled":true,"_links":{"self":[{"href":"https:\/\/rnoticias.com.mx\/Portal\/wp-json\/wp\/v2\/posts\/241378","targetHints":{"allow":["GET"]}}],"collection":[{"href":"https:\/\/rnoticias.com.mx\/Portal\/wp-json\/wp\/v2\/posts"}],"about":[{"href":"https:\/\/rnoticias.com.mx\/Portal\/wp-json\/wp\/v2\/types\/post"}],"author":[{"embeddable":true,"href":"https:\/\/rnoticias.com.mx\/Portal\/wp-json\/wp\/v2\/users\/2"}],"replies":[{"embeddable":true,"href":"https:\/\/rnoticias.com.mx\/Portal\/wp-json\/wp\/v2\/comments?post=241378"}],"version-history":[{"count":1,"href":"https:\/\/rnoticias.com.mx\/Portal\/wp-json\/wp\/v2\/posts\/241378\/revisions"}],"predecessor-version":[{"id":241380,"href":"https:\/\/rnoticias.com.mx\/Portal\/wp-json\/wp\/v2\/posts\/241378\/revisions\/241380"}],"wp:featuredmedia":[{"embeddable":true,"href":"https:\/\/rnoticias.com.mx\/Portal\/wp-json\/wp\/v2\/media\/241379"}],"wp:attachment":[{"href":"https:\/\/rnoticias.com.mx\/Portal\/wp-json\/wp\/v2\/media?parent=241378"}],"wp:term":[{"taxonomy":"category","embeddable":true,"href":"https:\/\/rnoticias.com.mx\/Portal\/wp-json\/wp\/v2\/categories?post=241378"},{"taxonomy":"post_tag","embeddable":true,"href":"https:\/\/rnoticias.com.mx\/Portal\/wp-json\/wp\/v2\/tags?post=241378"}],"curies":[{"name":"wp","href":"https:\/\/api.w.org\/{rel}","templated":true}]}}