{"id":241375,"date":"2026-01-15T18:12:15","date_gmt":"2026-01-16T01:12:15","guid":{"rendered":"https:\/\/rnoticias.com.mx\/Portal\/?p=241375"},"modified":"2026-01-15T18:12:15","modified_gmt":"2026-01-16T01:12:15","slug":"canaco-hermosillo-respalda-alianza-aeroespacial-en-sonora","status":"publish","type":"post","link":"https:\/\/rnoticias.com.mx\/Portal\/2026\/01\/15\/canaco-hermosillo-respalda-alianza-aeroespacial-en-sonora\/","title":{"rendered":"Canaco Hermosillo respalda alianza aeroespacial en Sonora"},"content":{"rendered":"<p>Hermosillo, Sonora. Javier Moreno, presidente de la C\u00e1mara de Comercio de Hermosillo, celebr\u00f3 el convenio anunciado por el gobernador Durazo con la empresa francesa Lat\u00e9coere, l\u00edder en aeron\u00e1utica.<\/p>\n<p>&nbsp;<\/p>\n<p>Destac\u00f3, que estas alianzas entre gobierno y sector privado atraen inversi\u00f3n, generan empleos calificados y fortalecen la econom\u00eda local.<\/p>\n<p>&nbsp;<\/p>\n<p>\u201cEs importante que las universidades locales fortalezcan carreras t\u00e9cnicas e ingenier\u00edas, alineadas con las necesidades de la industria, para que los estudiantes puedan integrarse directamente a plantas como Lat\u00e9coere\u201d, se\u00f1al\u00f3.<\/p>\n<p>&nbsp;<\/p>\n<p>Adem\u00e1s, resalt\u00f3 que la presencia de empresas de este nivel impulsa la capacitaci\u00f3n de proveedores y refuerza la infraestructura industrial de la regi\u00f3n.<\/p>\n<p>&nbsp;<\/p>\n<p>El dirigente empresarial asegur\u00f3 que esta colaboraci\u00f3n, posiciona a Hermosillo y a Sonora como un polo estrat\u00e9gico de desarrollo.<\/p>\n<p>&nbsp;<\/p>\n<p>&nbsp;<\/p>\n<p>Cifra:<\/p>\n<p>En Sonora hay\u00a0aproximadamente\u00a070\u00a0empresas aeroespaciales, generando m\u00e1s de 20,000 empleos.<\/p>\n","protected":false},"excerpt":{"rendered":"<p>Hermosillo, Sonora. Javier Moreno, presidente de la C\u00e1mara de Comercio de Hermosillo, celebr\u00f3 el convenio anunciado por el gobernador Durazo con la empresa francesa Lat\u00e9coere, l\u00edder en aeron\u00e1utica. &nbsp; Destac\u00f3, que estas alianzas entre gobierno y sector privado atraen inversi\u00f3n, generan empleos calificados y fortalecen la econom\u00eda local. &nbsp; \u201cEs importante que las universidades locales [&hellip;]<\/p>\n","protected":false},"author":2,"featured_media":241376,"comment_status":"closed","ping_status":"closed","sticky":false,"template":"","format":"standard","meta":{"footnotes":""},"categories":[12870,178],"tags":[12865,12869],"class_list":["post-241375","post","type-post","status-publish","format-standard","has-post-thumbnail","hentry","category-destacadas","category-local","tag-destacadas","tag-local"],"jetpack_featured_media_url":"https:\/\/rnoticias.com.mx\/Portal\/wp-content\/uploads\/2026\/01\/canaco-hermosillo.jpeg","amp_enabled":true,"_links":{"self":[{"href":"https:\/\/rnoticias.com.mx\/Portal\/wp-json\/wp\/v2\/posts\/241375","targetHints":{"allow":["GET"]}}],"collection":[{"href":"https:\/\/rnoticias.com.mx\/Portal\/wp-json\/wp\/v2\/posts"}],"about":[{"href":"https:\/\/rnoticias.com.mx\/Portal\/wp-json\/wp\/v2\/types\/post"}],"author":[{"embeddable":true,"href":"https:\/\/rnoticias.com.mx\/Portal\/wp-json\/wp\/v2\/users\/2"}],"replies":[{"embeddable":true,"href":"https:\/\/rnoticias.com.mx\/Portal\/wp-json\/wp\/v2\/comments?post=241375"}],"version-history":[{"count":1,"href":"https:\/\/rnoticias.com.mx\/Portal\/wp-json\/wp\/v2\/posts\/241375\/revisions"}],"predecessor-version":[{"id":241377,"href":"https:\/\/rnoticias.com.mx\/Portal\/wp-json\/wp\/v2\/posts\/241375\/revisions\/241377"}],"wp:featuredmedia":[{"embeddable":true,"href":"https:\/\/rnoticias.com.mx\/Portal\/wp-json\/wp\/v2\/media\/241376"}],"wp:attachment":[{"href":"https:\/\/rnoticias.com.mx\/Portal\/wp-json\/wp\/v2\/media?parent=241375"}],"wp:term":[{"taxonomy":"category","embeddable":true,"href":"https:\/\/rnoticias.com.mx\/Portal\/wp-json\/wp\/v2\/categories?post=241375"},{"taxonomy":"post_tag","embeddable":true,"href":"https:\/\/rnoticias.com.mx\/Portal\/wp-json\/wp\/v2\/tags?post=241375"}],"curies":[{"name":"wp","href":"https:\/\/api.w.org\/{rel}","templated":true}]}}