{"id":241365,"date":"2026-01-15T17:09:24","date_gmt":"2026-01-16T00:09:24","guid":{"rendered":"https:\/\/rnoticias.com.mx\/Portal\/?p=241365"},"modified":"2026-01-15T17:09:24","modified_gmt":"2026-01-16T00:09:24","slug":"da-voz-tono-astiazaran-a-jovenes-hermosillenses-a-traves-de-la-tercera-generacion-del-cabildo-juvenil","status":"publish","type":"post","link":"https:\/\/rnoticias.com.mx\/Portal\/2026\/01\/15\/da-voz-tono-astiazaran-a-jovenes-hermosillenses-a-traves-de-la-tercera-generacion-del-cabildo-juvenil\/","title":{"rendered":"Da voz To\u00f1o Astiazar\u00e1n a j\u00f3venes hermosillenses a trav\u00e9s de la tercera generaci\u00f3n del Cabildo Juvenil"},"content":{"rendered":"<p>Hermosillo, Sonora; 15 de enero de 2026.- Para el Gobierno Municipal es importante ver a la ciudad a trav\u00e9s de los ojos de su juventud, Antonio Astiazar\u00e1n Guti\u00e9rrez al tomar protesta a la tercera generaci\u00f3n del Cabildo Juvenil 2025\u20132026, espacio del que surgir\u00e1n tanto iniciativas como proyectos orientados a mejorar la calidad de vida de la capital sonorense.<\/p>\n<p>El presidente municipal encabez\u00f3 la sesi\u00f3n solemne en la que se integr\u00f3 este \u00f3rgano conformado por 24 j\u00f3venes, donde Mar\u00eda Fernanda Siller Nu\u00f1ez fungir\u00e1 como presidenta de Cabildo; Luis Carlos Duarte como secretario; Fernando Ladr\u00f3n de Guevara como S\u00edndico, as\u00ed como tambi\u00e9n cargos de regidoras y regidores para trabajar de manera coordinada, presentar inquietudes, ideas y propuestas.<\/p>\n<p>\u201cPara nosotros es muy importante ver los ojos de nuestra ciudad a trav\u00e9s de las y los j\u00f3venes hermosillenses, por eso en su momento decidimos en el Ayuntamiento de Hermosillo crear este nuevo espacio que no exist\u00eda y que ustedes son esta tercera generaci\u00f3n de Cabildo Juvenil\u201d<\/p>\n<p>&#8220;El Cabildo Juvenil de Hermosillo no solamente se ha convertido en un referente de pol\u00edticas p\u00fablicas importantes sino que adem\u00e1s ser ese referente se convierte en un espacio para que nosotros como servidores p\u00fablicos municipales podamos escuchar y ser emp\u00e1ticos con las causas de cada una de las comisiones que ustedes estar\u00e1n desempe\u00f1ando&#8221;, agreg\u00f3.<\/p>\n<p>A trav\u00e9s de seis comisiones, integrantes del Cabildo Juvenil desarrollar\u00e1n propuestas en temas como salud mental y bienestar, medio ambiente y cambio clim\u00e1tico, diversidad, inclusi\u00f3n y derechos humanos, as\u00ed como seguridad, prevenci\u00f3n, educaci\u00f3n, capacitaci\u00f3n juvenil, empleo y emprendimiento, atendiendo prioridades que impactan directamente a las juventudes de Hermosillo.<\/p>\n<p>\u201cM\u00e1s que un equipo de trabajo tengo la certeza que estamos a punto de formar una gran familia unida por el amor a Hermosillo as\u00ed que hagamos que estos meses cuenten, hagamos ruido del bueno, dejemos una huella tan profunda que los que vengan despu\u00e9s de nosotros tengan un camino m\u00e1s f\u00e1cil de transitar\u201d, expuso la presidenta de Cabildo Juvenil<\/p>\n<p>El proceso de selecci\u00f3n se realiz\u00f3 mediante una convocatoria difundida por el Instituto Hermosillense de la Juventud (IHJ) durante los meses de octubre y noviembre, periodo en el que se visitaron m\u00e1s de 40 escuelas de nivel secundaria, preparatoria y universidades, lo que permiti\u00f3 el registro de 75 aspirantes.<\/p>\n<p>Las y los postulantes presentaron un expediente y un video con propuestas, los cuales fueron evaluados en conjunto con la Comisi\u00f3n de Deporte, Recreaci\u00f3n y Atenci\u00f3n a la Juventud.<\/p>\n<p>Con la instalaci\u00f3n de esta tercera generaci\u00f3n, el Gobierno Municipal refrenda su compromiso con las juventudes, consolidando pol\u00edticas p\u00fablicas innovadoras como Cabildo Juvenil, la creaci\u00f3n del Instituto Hermosillense de la Juventud que anteriormente formaba parte del Instituto del Deporte, el Consejo Estudiantil Universitario, el HBus que brinda transporte gratuito a universitarios y tramos de Camina Segura por mencionar algunas acciones en la capital de Sonora.<\/p>\n<p>Nombres y cargos de Cabildo Juvenil 2025-2026<\/p>\n<p>&#8211; Cristian Joan Pulido Burgos, regidor integrante de la Comisi\u00f3n de Salud Mental y Bienestar<br \/>\n&#8211; Rebeca Cristina Cha Cuiltre, presidenta de la Comisi\u00f3n de Salud Mental y Bienestar<br \/>\n&#8211; Manuel Ignacio Acosta Ant\u00fanez, secretario de la Comisi\u00f3n de Salud Mental y Bienestar<br \/>\n&#8211; Nicole Yamileth Verdugo Guti\u00e9rrez, regidor integrante de la Comisi\u00f3n de Salud y Bienestar<br \/>\n&#8211; Diana Guadalupe Mungu\u00eda Ju\u00e1rez, presidenta de la Comisi\u00f3n de Medio Ambiente y Cambio Clim\u00e1tico<br \/>\n&#8211; Luis Carlos Duarte, secretario de Cabildo Juvenil e integrante de la Comisi\u00f3n de Medio Ambiente y Cambio Clim\u00e1tico<br \/>\n&#8211; Luis Andr\u00e9s Cabanillas Garibay, regidor integrante de la Comisi\u00f3n de Medio Ambiente y Cambio Clim\u00e1tico<br \/>\n&#8211; Patricio Arredondo Mancilla, secretario de la Comisi\u00f3n de Medio Ambiente y Cambio Clim\u00e1tico<br \/>\n&#8211; Eduardo Mart\u00ednez Joffroy, regidor integrante de la Comisi\u00f3n de Medio Ambiente y Cambio Clim\u00e1tico<br \/>\n&#8211; Gustavo Adolfo Ruiz Sotomayor, presidente de la Comisi\u00f3n de Diversidad, Inclusi\u00f3n y Derechos Humanos<br \/>\n&#8211; Regina Romero Platt, regidora integrante de la Comisi\u00f3n de Diversidad, Inclusi\u00f3n y Derechos Humanos<br \/>\n&#8211; Sophia Chiquita Ram\u00edrez Mercado, secretaria de la Comisi\u00f3n de Diversidad, Inclusi\u00f3n y Derechos Humanos<br \/>\n&#8211; Ximena Flores Niebla, regidora integrante de la Comisi\u00f3n de Diversidad, Inclusi\u00f3n y Derechos Humanos<br \/>\n&#8211; Maximiliano Pimentel Gastelum, presidente de la Comisi\u00f3n de Seguridad y Prevenci\u00f3n<br \/>\n&#8211; Isabella Encinas Saavedra, regidora integrante de la Comisi\u00f3n de Seguridad y Prevenci\u00f3n<br \/>\n&#8211; Silvana Mar\u00eda Sotelo Ch\u00e1vez, secretaria de la Comisi\u00f3n de Seguridad y Prevenci\u00f3n<br \/>\n&#8211; Mariana Nev\u00e1rez F\u00e9lix, secretaria de la Comisi\u00f3n de Educaci\u00f3n y Capacitaci\u00f3n Juvenil<br \/>\n&#8211; Luis Rodolfo Caballero Ram\u00edrez, presidente de la Comisi\u00f3n de Educaci\u00f3n y Capacitaci\u00f3n Juvenil<br \/>\n&#8211; Fernando Eduardo Salas Kitazawa, regidor integrante de la Comisi\u00f3n de Educaci\u00f3n y Capacitaci\u00f3n Juvenil<br \/>\n&#8211; Mar\u00eda Melany Mayboca Trejo, regidora integrante de la Comisi\u00f3n de Educaci\u00f3n y Capacitaci\u00f3n Juvenil<br \/>\n&#8211; Fernando Ladr\u00f3n de Guevara, s\u00edndico de Cabildo Juvenil e integrante de la Comisi\u00f3n de Empleo y Emprendimiento<br \/>\n&#8211; Gerardo Celaya Escobar, presidente de la Comisi\u00f3n de Empleo y Emprendimiento<br \/>\n&#8211; Mar\u00eda Fernanda Siller N\u00fa\u00f1ez, presidenta de Cabildo Juvenil e integrante de la Comisi\u00f3n de Empleo y Emprendimiento<br \/>\n&#8211; Mar\u00eda Ximena Rodr\u00edguez Olivas, secretaria de la Comisi\u00f3n de Empleo y Emprendimiento<\/p>\n","protected":false},"excerpt":{"rendered":"<p>Hermosillo, Sonora; 15 de enero de 2026.- Para el Gobierno Municipal es importante ver a la ciudad a trav\u00e9s de los ojos de su juventud, Antonio Astiazar\u00e1n Guti\u00e9rrez al tomar protesta a la tercera generaci\u00f3n del Cabildo Juvenil 2025\u20132026, espacio del que surgir\u00e1n tanto iniciativas como proyectos orientados a mejorar la calidad de vida de [&hellip;]<\/p>\n","protected":false},"author":2,"featured_media":241366,"comment_status":"closed","ping_status":"closed","sticky":false,"template":"","format":"standard","meta":{"footnotes":""},"categories":[12870,178],"tags":[12865,12869],"class_list":["post-241365","post","type-post","status-publish","format-standard","has-post-thumbnail","hentry","category-destacadas","category-local","tag-destacadas","tag-local"],"jetpack_featured_media_url":"https:\/\/rnoticias.com.mx\/Portal\/wp-content\/uploads\/2026\/01\/56-1.jpg","amp_enabled":true,"_links":{"self":[{"href":"https:\/\/rnoticias.com.mx\/Portal\/wp-json\/wp\/v2\/posts\/241365","targetHints":{"allow":["GET"]}}],"collection":[{"href":"https:\/\/rnoticias.com.mx\/Portal\/wp-json\/wp\/v2\/posts"}],"about":[{"href":"https:\/\/rnoticias.com.mx\/Portal\/wp-json\/wp\/v2\/types\/post"}],"author":[{"embeddable":true,"href":"https:\/\/rnoticias.com.mx\/Portal\/wp-json\/wp\/v2\/users\/2"}],"replies":[{"embeddable":true,"href":"https:\/\/rnoticias.com.mx\/Portal\/wp-json\/wp\/v2\/comments?post=241365"}],"version-history":[{"count":1,"href":"https:\/\/rnoticias.com.mx\/Portal\/wp-json\/wp\/v2\/posts\/241365\/revisions"}],"predecessor-version":[{"id":241367,"href":"https:\/\/rnoticias.com.mx\/Portal\/wp-json\/wp\/v2\/posts\/241365\/revisions\/241367"}],"wp:featuredmedia":[{"embeddable":true,"href":"https:\/\/rnoticias.com.mx\/Portal\/wp-json\/wp\/v2\/media\/241366"}],"wp:attachment":[{"href":"https:\/\/rnoticias.com.mx\/Portal\/wp-json\/wp\/v2\/media?parent=241365"}],"wp:term":[{"taxonomy":"category","embeddable":true,"href":"https:\/\/rnoticias.com.mx\/Portal\/wp-json\/wp\/v2\/categories?post=241365"},{"taxonomy":"post_tag","embeddable":true,"href":"https:\/\/rnoticias.com.mx\/Portal\/wp-json\/wp\/v2\/tags?post=241365"}],"curies":[{"name":"wp","href":"https:\/\/api.w.org\/{rel}","templated":true}]}}