{"id":241347,"date":"2026-01-15T15:54:23","date_gmt":"2026-01-15T22:54:23","guid":{"rendered":"https:\/\/rnoticias.com.mx\/Portal\/?p=241347"},"modified":"2026-01-15T15:54:23","modified_gmt":"2026-01-15T22:54:23","slug":"mineros-y-metalurgistas-de-sonora-respaldan-alianza-aeroespacial-impulsada-por-el-gobernador-durazo","status":"publish","type":"post","link":"https:\/\/rnoticias.com.mx\/Portal\/2026\/01\/15\/mineros-y-metalurgistas-de-sonora-respaldan-alianza-aeroespacial-impulsada-por-el-gobernador-durazo\/","title":{"rendered":"Mineros y metalurgistas de Sonora respaldan alianza aeroespacial impulsada por el gobernador Durazo"},"content":{"rendered":"<p>La Asociaci\u00f3n de Ingenieros de Minas, Metalurgistas y Ge\u00f3logos de M\u00e9xico (AIMMGM) Distrito Sonora manifest\u00f3 su respaldo a la alianza impulsada por el gobernador Alfonso Durazo Monta\u00f1o con la empresa francesa Lat\u00e9coere para la creaci\u00f3n de la primera academia de la industria aeroespacial en la entidad.<\/p>\n<p>&nbsp;<\/p>\n<p>Roberto Sitten Ayala, presidente de esa organizaci\u00f3n, destac\u00f3 que esta iniciativa fortalece la capacitaci\u00f3n, la innovaci\u00f3n tecnol\u00f3gica y la formaci\u00f3n de talento especializado, beneficiando al desarrollo industrial del estado.<\/p>\n<p>&nbsp;<\/p>\n<p>\u201cNosotros aplaudimos todos los esfuerzos que sean para mejorar y para generar empleos aqu\u00ed en Sonora, empleos bien pagados, eso es lo m\u00e1s importante. Ojal\u00e1 se vengan muchas industrias, Sonora tiene mucho que ofrecer aqu\u00ed, por eso le aplaudimos al Gobernador en este tema que impulsa para que se vengan empresas de otros lados\u201d, asever\u00f3.<\/p>\n<p>&nbsp;<\/p>\n<p>Se\u00f1al\u00f3 que la diversificaci\u00f3n productiva que promueve el Gobierno de Sonora genera un entorno favorable para distintos sectores, incluido el minero-metal\u00fargico.<\/p>\n<p>&nbsp;<\/p>\n","protected":false},"excerpt":{"rendered":"<p>La Asociaci\u00f3n de Ingenieros de Minas, Metalurgistas y Ge\u00f3logos de M\u00e9xico (AIMMGM) Distrito Sonora manifest\u00f3 su respaldo a la alianza impulsada por el gobernador Alfonso Durazo Monta\u00f1o con la empresa francesa Lat\u00e9coere para la creaci\u00f3n de la primera academia de la industria aeroespacial en la entidad. &nbsp; Roberto Sitten Ayala, presidente de esa organizaci\u00f3n, destac\u00f3 [&hellip;]<\/p>\n","protected":false},"author":2,"featured_media":241348,"comment_status":"closed","ping_status":"closed","sticky":false,"template":"","format":"standard","meta":{"footnotes":""},"categories":[12870,178],"tags":[12865,12869],"class_list":["post-241347","post","type-post","status-publish","format-standard","has-post-thumbnail","hentry","category-destacadas","category-local","tag-destacadas","tag-local"],"jetpack_featured_media_url":"https:\/\/rnoticias.com.mx\/Portal\/wp-content\/uploads\/2026\/01\/JRSA2527.jpg","amp_enabled":true,"_links":{"self":[{"href":"https:\/\/rnoticias.com.mx\/Portal\/wp-json\/wp\/v2\/posts\/241347","targetHints":{"allow":["GET"]}}],"collection":[{"href":"https:\/\/rnoticias.com.mx\/Portal\/wp-json\/wp\/v2\/posts"}],"about":[{"href":"https:\/\/rnoticias.com.mx\/Portal\/wp-json\/wp\/v2\/types\/post"}],"author":[{"embeddable":true,"href":"https:\/\/rnoticias.com.mx\/Portal\/wp-json\/wp\/v2\/users\/2"}],"replies":[{"embeddable":true,"href":"https:\/\/rnoticias.com.mx\/Portal\/wp-json\/wp\/v2\/comments?post=241347"}],"version-history":[{"count":1,"href":"https:\/\/rnoticias.com.mx\/Portal\/wp-json\/wp\/v2\/posts\/241347\/revisions"}],"predecessor-version":[{"id":241349,"href":"https:\/\/rnoticias.com.mx\/Portal\/wp-json\/wp\/v2\/posts\/241347\/revisions\/241349"}],"wp:featuredmedia":[{"embeddable":true,"href":"https:\/\/rnoticias.com.mx\/Portal\/wp-json\/wp\/v2\/media\/241348"}],"wp:attachment":[{"href":"https:\/\/rnoticias.com.mx\/Portal\/wp-json\/wp\/v2\/media?parent=241347"}],"wp:term":[{"taxonomy":"category","embeddable":true,"href":"https:\/\/rnoticias.com.mx\/Portal\/wp-json\/wp\/v2\/categories?post=241347"},{"taxonomy":"post_tag","embeddable":true,"href":"https:\/\/rnoticias.com.mx\/Portal\/wp-json\/wp\/v2\/tags?post=241347"}],"curies":[{"name":"wp","href":"https:\/\/api.w.org\/{rel}","templated":true}]}}