{"id":241317,"date":"2026-01-15T13:20:38","date_gmt":"2026-01-15T20:20:38","guid":{"rendered":"https:\/\/rnoticias.com.mx\/Portal\/?p=241317"},"modified":"2026-01-15T13:20:38","modified_gmt":"2026-01-15T20:20:38","slug":"con-dos-equipos-y-en-casa-mexico-espera-romper-sequia-en-la-serie-del-caribe","status":"publish","type":"post","link":"https:\/\/rnoticias.com.mx\/Portal\/2026\/01\/15\/con-dos-equipos-y-en-casa-mexico-espera-romper-sequia-en-la-serie-del-caribe\/","title":{"rendered":"Con dos equipos y en casa, M\u00e9xico espera romper sequ\u00eda en la Serie del Caribe"},"content":{"rendered":"<p>M\u00e9xico est\u00e1 por cumplir\u00a0<strong>diez a\u00f1os sin coronarse<\/strong>\u00a0en la\u00a0<a href=\"https:\/\/www.informador.mx\/serie-del-caribe-t155\" target=\"_blank\" rel=\"noopener\"><strong>Serie del Caribe<\/strong><\/a>. La sequ\u00eda podr\u00eda terminar este a\u00f1o, cuando habr\u00e1 dos equipos mexicanos, jugando en casa.<\/p>\n<p>El presidente de la Liga Mexicana del Pac\u00edfico, Salvador Escobar Cornejo, dijo ayer mi\u00e9rcoles que las novenas aztecas que se clasifiquen para el torneo podr\u00edan darle al pa\u00eds su primer campeonato regional desde que los Venados de Mazatl\u00e1n se coronaron en Santo Domingo, en el a\u00f1o 2016.<\/p>\n<p><mark><strong>&#8220;Si se va a romper la sequ\u00eda, ahora vamos a tener dos opciones y en casa&#8221;,<\/strong><\/mark>\u00a0dijo Escobar Cornejo a la agencia\u00a0<i>The Associated Press<\/i>.\u00a0<mark><strong>&#8220;Nos hemos quedado a nada y ahora vamos a tener dos representativos&#8221;.<\/strong><\/mark><\/p>\n<p>El torneo de beisbol invernal, la Serie del Caribe 2026, se realizar\u00e1\u00a0<mark><strong>en Guadalajara del 1 al 7 de febrero.<\/strong><\/mark><\/p>\n<p>&#8220;Es una gran responsabilidad que los equipos vayan fortalecidos y traigan el campeonato&#8221;, agreg\u00f3 el dirigente. &#8220;Creo que este a\u00f1o vamos a ser campeones por el nivel que tiene la liga&#8221;.<\/p>\n<p>Actualmente se disputan las semifinales de la liga invernal en M\u00e9xico y\u00a0<mark><strong>los dos equipos que avancen a la serie por el t\u00edtulo ser\u00e1n los que clasifiquen<\/strong><\/mark>\u00a0a la Serie del Caribe 2026.<\/p>\n<p>El a\u00f1o pasado la serie se disput\u00f3 en Mexicali, donde los\u00a0<a href=\"https:\/\/www.informador.mx\/charros-de-jalisco-t9021\" target=\"_blank\" rel=\"noopener\"><strong>Charros de Jalisco<\/strong><\/a>\u00a0alcanzaron la final, pero cayeron ante los Leones del Escogido de la Rep\u00fablica Dominicana.<\/p>\n<p>La sede original del torneo de este a\u00f1o iba a ser Venezuela, pero la situaci\u00f3n pol\u00edtica por la que atraviesa ese pa\u00eds oblig\u00f3 a la Confederaci\u00f3n de Beisbol Profesional del Caribe a realizar un cambio de sede y Guadalajara levant\u00f3 la mano.<\/p>\n<p>&#8220;Los vemos como una oportunidad porque cuando tienes esta alternativa no te queda m\u00e1s que tomarla&#8221;, agreg\u00f3 Escobar Cornejo. &#8220;Tenemos que aprovechar esta oportunidad que se nos presenta y eso nos tiene muy motivados&#8221;.<\/p>\n<p>El dirigente agreg\u00f3 que\u00a0<a href=\"https:\/\/www.informador.mx\/guadalajara-t444\" target=\"_blank\" rel=\"noopener\"><strong>Guadalajara<\/strong><\/a>\u00a0est\u00e1 lista para recibir el torneo y que\u00a0<mark><strong>aprovechar\u00e1 algunas obras de infraestructura creadas para el Mundial del 2026.<\/strong><\/mark><\/p>\n<p>&#8220;Muchas de las obras est\u00e1n casi listas, el aeropuerto que ha ido pasando varias etapas est\u00e1 casi listo, las vialidades van bien&#8221;, dijo el dirigente. &#8220;Hay infraestructura y creo que nos adelantaremos a estrenar mucha de ella, el escenario est\u00e1 preparado&#8221;.<\/p>\n<p>&nbsp;<\/p>\n<p>Fuente: El Informador<\/p>\n","protected":false},"excerpt":{"rendered":"<p>M\u00e9xico est\u00e1 por cumplir\u00a0diez a\u00f1os sin coronarse\u00a0en la\u00a0Serie del Caribe. La sequ\u00eda podr\u00eda terminar este a\u00f1o, cuando habr\u00e1 dos equipos mexicanos, jugando en casa. El presidente de la Liga Mexicana del Pac\u00edfico, Salvador Escobar Cornejo, dijo ayer mi\u00e9rcoles que las novenas aztecas que se clasifiquen para el torneo podr\u00edan darle al pa\u00eds su primer campeonato [&hellip;]<\/p>\n","protected":false},"author":2,"featured_media":241318,"comment_status":"closed","ping_status":"closed","sticky":false,"template":"","format":"standard","meta":{"footnotes":""},"categories":[188,12870],"tags":[5231,12865],"class_list":["post-241317","post","type-post","status-publish","format-standard","has-post-thumbnail","hentry","category-deportes","category-destacadas","tag-deportes","tag-destacadas"],"jetpack_featured_media_url":"https:\/\/rnoticias.com.mx\/Portal\/wp-content\/uploads\/2026\/01\/DOC2DRBUDJFBLCK233OWJNEKUU.jpg","amp_enabled":true,"_links":{"self":[{"href":"https:\/\/rnoticias.com.mx\/Portal\/wp-json\/wp\/v2\/posts\/241317","targetHints":{"allow":["GET"]}}],"collection":[{"href":"https:\/\/rnoticias.com.mx\/Portal\/wp-json\/wp\/v2\/posts"}],"about":[{"href":"https:\/\/rnoticias.com.mx\/Portal\/wp-json\/wp\/v2\/types\/post"}],"author":[{"embeddable":true,"href":"https:\/\/rnoticias.com.mx\/Portal\/wp-json\/wp\/v2\/users\/2"}],"replies":[{"embeddable":true,"href":"https:\/\/rnoticias.com.mx\/Portal\/wp-json\/wp\/v2\/comments?post=241317"}],"version-history":[{"count":1,"href":"https:\/\/rnoticias.com.mx\/Portal\/wp-json\/wp\/v2\/posts\/241317\/revisions"}],"predecessor-version":[{"id":241319,"href":"https:\/\/rnoticias.com.mx\/Portal\/wp-json\/wp\/v2\/posts\/241317\/revisions\/241319"}],"wp:featuredmedia":[{"embeddable":true,"href":"https:\/\/rnoticias.com.mx\/Portal\/wp-json\/wp\/v2\/media\/241318"}],"wp:attachment":[{"href":"https:\/\/rnoticias.com.mx\/Portal\/wp-json\/wp\/v2\/media?parent=241317"}],"wp:term":[{"taxonomy":"category","embeddable":true,"href":"https:\/\/rnoticias.com.mx\/Portal\/wp-json\/wp\/v2\/categories?post=241317"},{"taxonomy":"post_tag","embeddable":true,"href":"https:\/\/rnoticias.com.mx\/Portal\/wp-json\/wp\/v2\/tags?post=241317"}],"curies":[{"name":"wp","href":"https:\/\/api.w.org\/{rel}","templated":true}]}}