{"id":241308,"date":"2026-01-15T09:26:53","date_gmt":"2026-01-15T16:26:53","guid":{"rendered":"https:\/\/rnoticias.com.mx\/Portal\/?p=241308"},"modified":"2026-01-15T09:26:53","modified_gmt":"2026-01-15T16:26:53","slug":"avion-aterriza-de-emergencia-en-barcelona-por-amenaza-de-bomba-a-bordo","status":"publish","type":"post","link":"https:\/\/rnoticias.com.mx\/Portal\/2026\/01\/15\/avion-aterriza-de-emergencia-en-barcelona-por-amenaza-de-bomba-a-bordo\/","title":{"rendered":"Avi\u00f3n aterriza de emergencia en Barcelona por amenaza de bomba a bordo"},"content":{"rendered":"<p>Un\u00a0<strong>avi\u00f3n de<\/strong>\u00a0<strong>Turkish Airlines<\/strong>\u00a0aterriz\u00f3 este jueves en\u00a0<strong>Barcelona<\/strong>\u00a0tras una\u00a0<strong>amenaza de bomba<\/strong>\u00a0a bordo que activ\u00f3 la actuaci\u00f3n de las fuerzas de seguridad, inform\u00f3 la Guardia Civil espa\u00f1ola.<\/p>\n<p>El pasaje de la aeronave, que proced\u00eda de\u00a0<strong>Turqu\u00eda<\/strong>, desembarc\u00f3 por su propio pie y se encuentra en una zona segura, detall\u00f3\u00a0<strong>Protecci\u00f3n Civil<\/strong>, que activ\u00f3 el plan de\u00a0<strong>emergencia Aerocat<\/strong>\u00a0para hacer seguimiento de la &#8220;situaci\u00f3n de riesgo&#8221; en el aeropuerto, que seg\u00fan la gestora Aena contin\u00faa operando con normalidad.<\/p>\n<p>El avi\u00f3n, en el que viajaban 148 pasajeros y siete tripulantes, fue derivado a una zona de seguridad para su estacionamiento, seg\u00fan fuentes del dispositivo de seguridad. Sin embargo, por ahora no han hallado\u00a0<strong>explosivos<\/strong>\u00a0en el registro del avi\u00f3n. Los efectivos comenzaron a revisar a los pasajeros uno a uno y esa inspecci\u00f3n podr\u00eda alargarse horas.<\/p>\n<p>Los\u00a0<strong>Bomberos<\/strong>\u00a0desplazaron hasta all\u00ed cinco dotaciones de forma preventiva para dar apoyo en caso necesario, mientras que tambi\u00e9n se desplegaron efectivos de la polic\u00eda local de El Prat de Llobregat. Seg\u00fan Flight Radar, la aeronave vol\u00f3 en c\u00edrculos durante unos 20 minutos frente a la costa de\u00a0<strong>Catalu\u00f1a<\/strong>, en el noreste espa\u00f1ol, antes de proceder al aterrizaje.<\/p>\n<p>&nbsp;<\/p>\n<p>Fuente: EFE<\/p>\n","protected":false},"excerpt":{"rendered":"<p>Un\u00a0avi\u00f3n de\u00a0Turkish Airlines\u00a0aterriz\u00f3 este jueves en\u00a0Barcelona\u00a0tras una\u00a0amenaza de bomba\u00a0a bordo que activ\u00f3 la actuaci\u00f3n de las fuerzas de seguridad, inform\u00f3 la Guardia Civil espa\u00f1ola. El pasaje de la aeronave, que proced\u00eda de\u00a0Turqu\u00eda, desembarc\u00f3 por su propio pie y se encuentra en una zona segura, detall\u00f3\u00a0Protecci\u00f3n Civil, que activ\u00f3 el plan de\u00a0emergencia Aerocat\u00a0para hacer seguimiento de [&hellip;]<\/p>\n","protected":false},"author":2,"featured_media":241309,"comment_status":"closed","ping_status":"closed","sticky":false,"template":"","format":"standard","meta":{"footnotes":""},"categories":[12870,182],"tags":[12865,12871],"class_list":["post-241308","post","type-post","status-publish","format-standard","has-post-thumbnail","hentry","category-destacadas","category-internacional","tag-destacadas","tag-internacional"],"jetpack_featured_media_url":"https:\/\/rnoticias.com.mx\/Portal\/wp-content\/uploads\/2026\/01\/imagen-archivo-avion-turkish-airlines_70.webp","amp_enabled":true,"_links":{"self":[{"href":"https:\/\/rnoticias.com.mx\/Portal\/wp-json\/wp\/v2\/posts\/241308","targetHints":{"allow":["GET"]}}],"collection":[{"href":"https:\/\/rnoticias.com.mx\/Portal\/wp-json\/wp\/v2\/posts"}],"about":[{"href":"https:\/\/rnoticias.com.mx\/Portal\/wp-json\/wp\/v2\/types\/post"}],"author":[{"embeddable":true,"href":"https:\/\/rnoticias.com.mx\/Portal\/wp-json\/wp\/v2\/users\/2"}],"replies":[{"embeddable":true,"href":"https:\/\/rnoticias.com.mx\/Portal\/wp-json\/wp\/v2\/comments?post=241308"}],"version-history":[{"count":1,"href":"https:\/\/rnoticias.com.mx\/Portal\/wp-json\/wp\/v2\/posts\/241308\/revisions"}],"predecessor-version":[{"id":241310,"href":"https:\/\/rnoticias.com.mx\/Portal\/wp-json\/wp\/v2\/posts\/241308\/revisions\/241310"}],"wp:featuredmedia":[{"embeddable":true,"href":"https:\/\/rnoticias.com.mx\/Portal\/wp-json\/wp\/v2\/media\/241309"}],"wp:attachment":[{"href":"https:\/\/rnoticias.com.mx\/Portal\/wp-json\/wp\/v2\/media?parent=241308"}],"wp:term":[{"taxonomy":"category","embeddable":true,"href":"https:\/\/rnoticias.com.mx\/Portal\/wp-json\/wp\/v2\/categories?post=241308"},{"taxonomy":"post_tag","embeddable":true,"href":"https:\/\/rnoticias.com.mx\/Portal\/wp-json\/wp\/v2\/tags?post=241308"}],"curies":[{"name":"wp","href":"https:\/\/api.w.org\/{rel}","templated":true}]}}