{"id":241238,"date":"2026-01-14T19:41:38","date_gmt":"2026-01-15T02:41:38","guid":{"rendered":"https:\/\/rnoticias.com.mx\/Portal\/?p=241238"},"modified":"2026-01-14T19:41:38","modified_gmt":"2026-01-15T02:41:38","slug":"buscan-crear-zonas-libres-de-ice-en-eu-tras-escalada-en-redadas","status":"publish","type":"post","link":"https:\/\/rnoticias.com.mx\/Portal\/2026\/01\/14\/buscan-crear-zonas-libres-de-ice-en-eu-tras-escalada-en-redadas\/","title":{"rendered":"Buscan crear zonas libres de ICE en EU tras escalada en redadas"},"content":{"rendered":"<p>El condado de\u00a0<strong>Los \u00c1ngeles\u00a0<\/strong>busca designar\u00a0<strong>zonas libres del Servicio de Control de Inmigraci\u00f3n y Aduanas de Estados Unidos (ICE<\/strong>, por sus siglas en ingl\u00e9s), tras la escalada de violencia en las redadas migratorias de esta organizaci\u00f3n en el pa\u00eds.<\/p>\n<p>&#8220;A medida que la aplicaci\u00f3n de la ley federal de inmigraci\u00f3n civil se realiza cada vez m\u00e1s en espacios p\u00fablicos de todo el pa\u00eds, la moci\u00f3n aprobada inicia el proceso legislativo formal para garantizar que las propiedades del Condado se utilicen exclusivamente para los fines p\u00fablicos previstos&#8221;, indic\u00f3 la Junta de Supervisores del Condado de Los \u00c1ngeles en un comunicado.<\/p>\n<p>La moci\u00f3n tiene como objetivo<strong>\u00a0evitar que los agentes creen &#8220;\u00e1reas de concentraci\u00f3n, lugares de procesamiento ni bases de operaciones<\/strong>\u00a0para la aplicaci\u00f3n de la ley de inmigraci\u00f3n civil no autorizada&#8221;, agreg\u00f3.<\/p>\n<p>&#8220;La aplicaci\u00f3n de las leyes migratorias civiles se ha vuelto mortal con demasiada frecuencia, y ese miedo persigue a las personas a parques, cl\u00ednicas y edificios p\u00fablicos.\u00a0<strong>Cuando los residentes tienen miedo de buscar atenci\u00f3n m\u00e9dica o de presentarse en espacios p\u00fablicos, algo anda muy mal<\/strong>. Puede que no controlemos la aplicaci\u00f3n de las leyes federales en todas partes, pero s\u00ed controlamos nuestra propia propiedad&#8221;, explic\u00f3 la Junta.<\/p>\n<p>La moci\u00f3n instruye al abogado del condado a redactar una ordenanza para que la junta la considere dentro de 30 d\u00edas y, de aprobarse,\u00a0<strong>se prohibir\u00e1 a los agentes utilicen las propiedades controladas por el Condado para actividades no autorizadas de aplicaci\u00f3n de la ley civil.<\/strong><\/p>\n<p>La medida se produce en el contexto de los m\u00faltiples actos violentos que asolan tanto en California como en otros estados como Minnesota, como el ocurrido la semana pasada, cuando\u00a0<strong>un agente del ICE mat\u00f3 de varios disparos a Ren\u00e9 Good, una madre de 37 a\u00f1os y ciudadana estadounidense,<\/strong>\u00a0durante una protesta.<\/p>\n<p>En videos compartidos en redes sociales se ve como Good fue rodeada por agentes del ICE que le ped\u00edan bajarse del veh\u00edculo y no se observa que el veh\u00edculo atropelle a alguno de los agentes, como asegur\u00f3 el Gobierno de Donald Trump, llegando a tildar el incidente de &#8220;terrorismo dom\u00e9stico&#8221;.<\/p>\n<p>Al intentar huir, uno de los oficiales dispar\u00f3 hacia la ventana del conductor y, segundos despu\u00e9s, el veh\u00edculo choca contra otro estacionado en la misma calle, unos metros m\u00e1s adelante.<\/p>\n<p><strong>La muerte de esta mujer en Minnesota ser\u00eda la quinta que ha tenido lugar durante operativos migratorios bajo la Administraci\u00f3n Trump<\/strong>, seg\u00fan datos recopilados por el portal The Trace, dedicado a rastrear la violencia por armas de fuego en Estados Unidos.<\/p>\n<p>Antes de que el mandatario republicano asumiera el poder de la Casa Blanca hace casi un a\u00f1o, los agentes del ICE ten\u00edan prohibido realizar arrestos y otras actividades de cumplimiento de la ley en lugares sensibles, incluidos lugares de culto, escuelas y hospitales.<\/p>\n","protected":false},"excerpt":{"rendered":"<p>El condado de\u00a0Los \u00c1ngeles\u00a0busca designar\u00a0zonas libres del Servicio de Control de Inmigraci\u00f3n y Aduanas de Estados Unidos (ICE, por sus siglas en ingl\u00e9s), tras la escalada de violencia en las redadas migratorias de esta organizaci\u00f3n en el pa\u00eds. &#8220;A medida que la aplicaci\u00f3n de la ley federal de inmigraci\u00f3n civil se realiza cada vez m\u00e1s [&hellip;]<\/p>\n","protected":false},"author":2,"featured_media":241239,"comment_status":"closed","ping_status":"closed","sticky":false,"template":"","format":"standard","meta":{"footnotes":""},"categories":[12870,182],"tags":[12865,12871],"class_list":["post-241238","post","type-post","status-publish","format-standard","has-post-thumbnail","hentry","category-destacadas","category-internacional","tag-destacadas","tag-internacional"],"jetpack_featured_media_url":"https:\/\/rnoticias.com.mx\/Portal\/wp-content\/uploads\/2026\/01\/rss-efe4e56e97bdd7c23720c4dc66230341e838e601895w.jpg","amp_enabled":true,"_links":{"self":[{"href":"https:\/\/rnoticias.com.mx\/Portal\/wp-json\/wp\/v2\/posts\/241238","targetHints":{"allow":["GET"]}}],"collection":[{"href":"https:\/\/rnoticias.com.mx\/Portal\/wp-json\/wp\/v2\/posts"}],"about":[{"href":"https:\/\/rnoticias.com.mx\/Portal\/wp-json\/wp\/v2\/types\/post"}],"author":[{"embeddable":true,"href":"https:\/\/rnoticias.com.mx\/Portal\/wp-json\/wp\/v2\/users\/2"}],"replies":[{"embeddable":true,"href":"https:\/\/rnoticias.com.mx\/Portal\/wp-json\/wp\/v2\/comments?post=241238"}],"version-history":[{"count":1,"href":"https:\/\/rnoticias.com.mx\/Portal\/wp-json\/wp\/v2\/posts\/241238\/revisions"}],"predecessor-version":[{"id":241240,"href":"https:\/\/rnoticias.com.mx\/Portal\/wp-json\/wp\/v2\/posts\/241238\/revisions\/241240"}],"wp:featuredmedia":[{"embeddable":true,"href":"https:\/\/rnoticias.com.mx\/Portal\/wp-json\/wp\/v2\/media\/241239"}],"wp:attachment":[{"href":"https:\/\/rnoticias.com.mx\/Portal\/wp-json\/wp\/v2\/media?parent=241238"}],"wp:term":[{"taxonomy":"category","embeddable":true,"href":"https:\/\/rnoticias.com.mx\/Portal\/wp-json\/wp\/v2\/categories?post=241238"},{"taxonomy":"post_tag","embeddable":true,"href":"https:\/\/rnoticias.com.mx\/Portal\/wp-json\/wp\/v2\/tags?post=241238"}],"curies":[{"name":"wp","href":"https:\/\/api.w.org\/{rel}","templated":true}]}}