{"id":241217,"date":"2026-01-14T19:28:21","date_gmt":"2026-01-15T02:28:21","guid":{"rendered":"https:\/\/rnoticias.com.mx\/Portal\/?p=241217"},"modified":"2026-01-14T19:28:21","modified_gmt":"2026-01-15T02:28:21","slug":"albacete-elimina-al-real-madrid-de-la-copa-del-rey","status":"publish","type":"post","link":"https:\/\/rnoticias.com.mx\/Portal\/2026\/01\/14\/albacete-elimina-al-real-madrid-de-la-copa-del-rey\/","title":{"rendered":"Albacete elimina al Real Madrid de la Copa del Rey"},"content":{"rendered":"<p>El\u00a0<strong>Real Madrid<\/strong>\u00a0cay\u00f3 eliminado este mi\u00e9rcoles en octavos de final de la Copa del Rey al perder por 3-2 ante el\u00a0<strong>Albacete<\/strong>, de segunda divisi\u00f3n, en el debut de\u00a0<strong>\u00c1lvaro Arbeloa<\/strong>\u00a0como t\u00e9cnico blanco tras el despido de Xabi Alonso el lunes.<\/p>\n<p>Gonzalo Garc\u00eda hab\u00eda igualado para el Real Madrid en el 90+1, pero el local Jeft\u00e9 Betancor dio el triunfo al equipo manchego en el 90+4, consumando la sorpresa y desatando la fiesta en el estadio Carlos Belmonte.<\/p>\n<p>Antes de ese emocionante desenlace, el Albacete se hab\u00eda puesto por delante ya en dos ocasiones, con tantos de Javi Villar (42&#8242;) y del propio Jeft\u00e9 Betancor (82&#8242;), mientras que para el Real Madrid hab\u00eda empatado provisionalmente antes del descanso el argentino Franco Mastantuono (45+3&#8242;).<\/p>\n<p>En su primera convocatoria,\u00a0<mark>Arbeloa dej\u00f3 en la capital espa\u00f1ola a jugadores importantes como Kylian Mbapp\u00e9, Rodrygo y Jude Bellingham para darles descanso y llam\u00f3 hasta siete canteranos<\/mark>, de los cuales dos de ellos jugaron de titulares: Jorge Cestero y David Jim\u00e9nez.<\/p>\n<h2>\u201cEl responsable soy yo\u201d<\/h2>\n<p>Esta decisi\u00f3n no le sali\u00f3 bien contra un equipo que se encuentra en la decimos\u00e9ptima posici\u00f3n de la tabla de la segunda categor\u00eda del f\u00fatbol espa\u00f1ol.<\/p>\n<p>&#8220;Siempre en este club empatar ya es malo, es una tragedia, pues imag\u00ednate una derrota as\u00ed. Es dolorosa y estoy seguro que todos nuestros aficionados lo sienten, sobre todo contra un equipo de categor\u00eda inferior&#8221;, declar\u00f3 Arbeloa en rueda de prensa.<\/p>\n<p>&#8220;Si hay alguien responsable soy yo.\u00a0<strong>Soy quien ha tomado las decisiones sobre qui\u00e9nes han jugado y sobre c\u00f3mo han jugado<\/strong>&#8220;, insisti\u00f3 el nuevo preparador madridista, que subray\u00f3 que ahora toca recuperarse an\u00edmica y f\u00edsicamente.<\/p>\n<p>Arbeloa incidi\u00f3 en que estaba convencido de que la convocatoria con muchos canteranos y sin estrellas era la adecuada.<\/p>\n<p><mark>La eliminaci\u00f3n profundiza la crisis en la Casa Blanca<\/mark>\u00a0tras la final perdida en Yed\u00e1, Arabia Saudita, contra el FC Barcelona en la Supercopa de Espa\u00f1a y que supuso la salida de Xabi Alonso del banquillo merengue.<\/p>\n","protected":false},"excerpt":{"rendered":"<p>El\u00a0Real Madrid\u00a0cay\u00f3 eliminado este mi\u00e9rcoles en octavos de final de la Copa del Rey al perder por 3-2 ante el\u00a0Albacete, de segunda divisi\u00f3n, en el debut de\u00a0\u00c1lvaro Arbeloa\u00a0como t\u00e9cnico blanco tras el despido de Xabi Alonso el lunes. Gonzalo Garc\u00eda hab\u00eda igualado para el Real Madrid en el 90+1, pero el local Jeft\u00e9 Betancor dio [&hellip;]<\/p>\n","protected":false},"author":2,"featured_media":241218,"comment_status":"closed","ping_status":"closed","sticky":false,"template":"","format":"standard","meta":{"footnotes":""},"categories":[188,12870],"tags":[5231,12865],"class_list":["post-241217","post","type-post","status-publish","format-standard","has-post-thumbnail","hentry","category-deportes","category-destacadas","tag-deportes","tag-destacadas"],"jetpack_featured_media_url":"https:\/\/rnoticias.com.mx\/Portal\/wp-content\/uploads\/2026\/01\/17684289791040.jpg","amp_enabled":true,"_links":{"self":[{"href":"https:\/\/rnoticias.com.mx\/Portal\/wp-json\/wp\/v2\/posts\/241217","targetHints":{"allow":["GET"]}}],"collection":[{"href":"https:\/\/rnoticias.com.mx\/Portal\/wp-json\/wp\/v2\/posts"}],"about":[{"href":"https:\/\/rnoticias.com.mx\/Portal\/wp-json\/wp\/v2\/types\/post"}],"author":[{"embeddable":true,"href":"https:\/\/rnoticias.com.mx\/Portal\/wp-json\/wp\/v2\/users\/2"}],"replies":[{"embeddable":true,"href":"https:\/\/rnoticias.com.mx\/Portal\/wp-json\/wp\/v2\/comments?post=241217"}],"version-history":[{"count":1,"href":"https:\/\/rnoticias.com.mx\/Portal\/wp-json\/wp\/v2\/posts\/241217\/revisions"}],"predecessor-version":[{"id":241219,"href":"https:\/\/rnoticias.com.mx\/Portal\/wp-json\/wp\/v2\/posts\/241217\/revisions\/241219"}],"wp:featuredmedia":[{"embeddable":true,"href":"https:\/\/rnoticias.com.mx\/Portal\/wp-json\/wp\/v2\/media\/241218"}],"wp:attachment":[{"href":"https:\/\/rnoticias.com.mx\/Portal\/wp-json\/wp\/v2\/media?parent=241217"}],"wp:term":[{"taxonomy":"category","embeddable":true,"href":"https:\/\/rnoticias.com.mx\/Portal\/wp-json\/wp\/v2\/categories?post=241217"},{"taxonomy":"post_tag","embeddable":true,"href":"https:\/\/rnoticias.com.mx\/Portal\/wp-json\/wp\/v2\/tags?post=241217"}],"curies":[{"name":"wp","href":"https:\/\/api.w.org\/{rel}","templated":true}]}}