{"id":241166,"date":"2026-01-14T16:10:17","date_gmt":"2026-01-14T23:10:17","guid":{"rendered":"https:\/\/rnoticias.com.mx\/Portal\/?p=241166"},"modified":"2026-01-14T16:10:17","modified_gmt":"2026-01-14T23:10:17","slug":"canacope-hermosillo-respalda-creacion-de-academia-aeroespacial-en-sonora","status":"publish","type":"post","link":"https:\/\/rnoticias.com.mx\/Portal\/2026\/01\/14\/canacope-hermosillo-respalda-creacion-de-academia-aeroespacial-en-sonora\/","title":{"rendered":"Canacope Hermosillo respalda creaci\u00f3n de academia aeroespacial en Sonora"},"content":{"rendered":"<p>Tras el anuncio del gobernador Alfonso Durazo sobre la alianza con la empresa francesa Lat\u00e9coere para la creaci\u00f3n de la primera academia de la industria aeroespacial en Sonora, Mart\u00edn Zalazar Zazueta, presidente de Canacope Hermosillo, destac\u00f3 que este proyecto fortalecer\u00e1 la capacitaci\u00f3n t\u00e9cnica, la innovaci\u00f3n y el desarrollo econ\u00f3mico de la entidad.<\/p>\n<p>&nbsp;<\/p>\n<p>\u201cEs una gran noticia la que acaba de anunciar la gobernadora con su brazo sobre establecer en la entidad una academia especializada en arneses y sistemas de interconexi\u00f3n de la empresa francesa Lat\u00e9core con clientes tan importantes como Boeing y Airbus. Sabemos que construir esta academia es\u00a0una muestra de confianza que hay por traer inversiones a nuestro estado, lo cual es un\u00a0gran logro de las autoridades estatales que seguramente promover\u00e1 el crecimiento econ\u00f3mico\u00a0en la regi\u00f3n al generar empleos y esperemos tambi\u00e9n que se promuevan cadenas de proveedur\u00edas\u00a0sonorenses\u201d, detall\u00f3.<\/p>\n<p>&nbsp;<\/p>\n<p>Se\u00f1al\u00f3 que la llegada de esta academia impulsar\u00e1 la formaci\u00f3n de talento especializado, beneficiar\u00e1 a la cadena productiva local y abrir\u00e1 nuevas oportunidades para las micro y peque\u00f1as empresas, generando mayor empleo y competitividad regional.<\/p>\n<p>&nbsp;<\/p>\n","protected":false},"excerpt":{"rendered":"<p>Tras el anuncio del gobernador Alfonso Durazo sobre la alianza con la empresa francesa Lat\u00e9coere para la creaci\u00f3n de la primera academia de la industria aeroespacial en Sonora, Mart\u00edn Zalazar Zazueta, presidente de Canacope Hermosillo, destac\u00f3 que este proyecto fortalecer\u00e1 la capacitaci\u00f3n t\u00e9cnica, la innovaci\u00f3n y el desarrollo econ\u00f3mico de la entidad. &nbsp; \u201cEs una [&hellip;]<\/p>\n","protected":false},"author":2,"featured_media":241167,"comment_status":"closed","ping_status":"closed","sticky":false,"template":"","format":"standard","meta":{"footnotes":""},"categories":[12870,178],"tags":[12865,12869],"class_list":["post-241166","post","type-post","status-publish","format-standard","has-post-thumbnail","hentry","category-destacadas","category-local","tag-destacadas","tag-local"],"jetpack_featured_media_url":"https:\/\/rnoticias.com.mx\/Portal\/wp-content\/uploads\/2026\/01\/20250726_041711212_Empresarios_sonorenses_necesitan_capacitacixn_digital_ante_la_mejora_regulatoria.jpg","amp_enabled":true,"_links":{"self":[{"href":"https:\/\/rnoticias.com.mx\/Portal\/wp-json\/wp\/v2\/posts\/241166","targetHints":{"allow":["GET"]}}],"collection":[{"href":"https:\/\/rnoticias.com.mx\/Portal\/wp-json\/wp\/v2\/posts"}],"about":[{"href":"https:\/\/rnoticias.com.mx\/Portal\/wp-json\/wp\/v2\/types\/post"}],"author":[{"embeddable":true,"href":"https:\/\/rnoticias.com.mx\/Portal\/wp-json\/wp\/v2\/users\/2"}],"replies":[{"embeddable":true,"href":"https:\/\/rnoticias.com.mx\/Portal\/wp-json\/wp\/v2\/comments?post=241166"}],"version-history":[{"count":1,"href":"https:\/\/rnoticias.com.mx\/Portal\/wp-json\/wp\/v2\/posts\/241166\/revisions"}],"predecessor-version":[{"id":241168,"href":"https:\/\/rnoticias.com.mx\/Portal\/wp-json\/wp\/v2\/posts\/241166\/revisions\/241168"}],"wp:featuredmedia":[{"embeddable":true,"href":"https:\/\/rnoticias.com.mx\/Portal\/wp-json\/wp\/v2\/media\/241167"}],"wp:attachment":[{"href":"https:\/\/rnoticias.com.mx\/Portal\/wp-json\/wp\/v2\/media?parent=241166"}],"wp:term":[{"taxonomy":"category","embeddable":true,"href":"https:\/\/rnoticias.com.mx\/Portal\/wp-json\/wp\/v2\/categories?post=241166"},{"taxonomy":"post_tag","embeddable":true,"href":"https:\/\/rnoticias.com.mx\/Portal\/wp-json\/wp\/v2\/tags?post=241166"}],"curies":[{"name":"wp","href":"https:\/\/api.w.org\/{rel}","templated":true}]}}